{"id":71232,"date":"2026-09-01T15:10:08","date_gmt":"2026-09-01T18:10:08","guid":{"rendered":"http:\/\/masquenoticiastucuman.com.ar\/?p=71232"},"modified":"2026-09-01T15:10:08","modified_gmt":"2026-09-01T18:10:08","slug":"gesto-de-pullaro-a-milei-el-dolar-dejara-de-ser-un-problema-en-la-argentina-si-no-vuelve-el-populismo-corrupto","status":"publish","type":"post","link":"https:\/\/masquenoticiastucuman.com.ar\/?p=71232","title":{"rendered":"Gesto de Pullaro a Milei: &#8220;El d\u00f3lar dejar\u00e1 de ser un problema en la Argentina si no vuelve el populismo corrupto&#8221;"},"content":{"rendered":"<ul>\n<li>El gobernador de Santa Fe consider\u00f3 que \u201cel kirchnerismo no vuelve m\u00e1s\u201d y lo calific\u00f3 como \u201cun modelo populista asociado a la corrupci\u00f3n extrema\u201d.<\/li>\n<li>Apoy\u00f3 a Milei en la estabilizaci\u00f3n de la macro, pero reclam\u00f3 medidas para \u201cel interior productivo\u201d.<\/li>\n<li>Se realiza hasta el viernes la tercera edici\u00f3n de un foro de negocios provincial en Rosario.<\/li>\n<\/ul>\n<p>\u200bEl gobernador de Santa Fe consider\u00f3 que \u201cel kirchnerismo no vuelve m\u00e1s\u201d y lo calific\u00f3 como \u201cun modelo populista asociado a la corrupci\u00f3n extrema\u201d.Apoy\u00f3 a Milei en la estabilizaci\u00f3n de la macro, pero reclam\u00f3 medidas para \u201cel interior productivo\u201d.Se realiza hasta el viernes la tercera edici\u00f3n de un foro de negocios provincial en Rosario.\u00a0<a href=\"https:\/\/www.clarin.com\/economia\/gesto-pullaro-milei-dolar-dejo-problema-argentina-vuelve-populismo-corrupto_0_2pVR1sdDgx.html\" target=\"_blank\" class=\"feedzy-rss-link-icon\">Read More<\/a><\/p>","protected":false},"excerpt":{"rendered":"<p>El gobernador de Santa Fe consider\u00f3 que \u201cel kirchnerismo no vuelve m\u00e1s\u201d y lo calific\u00f3&#8230;<\/p>\n","protected":false},"author":1,"featured_media":0,"comment_status":"open","ping_status":"open","sticky":false,"template":"","format":"standard","meta":{"footnotes":"","_members_access_role":[],"_members_access_error":""},"categories":[3],"tags":[],"class_list":["post-71232","post","type-post","status-publish","format-standard","has-post-thumbnail","hentry","category-nacionales"],"_links":{"self":[{"href":"https:\/\/masquenoticiastucuman.com.ar\/index.php?rest_route=\/wp\/v2\/posts\/71232","targetHints":{"allow":["GET"]}}],"collection":[{"href":"https:\/\/masquenoticiastucuman.com.ar\/index.php?rest_route=\/wp\/v2\/posts"}],"about":[{"href":"https:\/\/masquenoticiastucuman.com.ar\/index.php?rest_route=\/wp\/v2\/types\/post"}],"author":[{"embeddable":true,"href":"https:\/\/masquenoticiastucuman.com.ar\/index.php?rest_route=\/wp\/v2\/users\/1"}],"replies":[{"embeddable":true,"href":"https:\/\/masquenoticiastucuman.com.ar\/index.php?rest_route=%2Fwp%2Fv2%2Fcomments&post=71232"}],"version-history":[{"count":0,"href":"https:\/\/masquenoticiastucuman.com.ar\/index.php?rest_route=\/wp\/v2\/posts\/71232\/revisions"}],"wp:attachment":[{"href":"https:\/\/masquenoticiastucuman.com.ar\/index.php?rest_route=%2Fwp%2Fv2%2Fmedia&parent=71232"}],"wp:term":[{"taxonomy":"category","embeddable":true,"href":"https:\/\/masquenoticiastucuman.com.ar\/index.php?rest_route=%2Fwp%2Fv2%2Fcategories&post=71232"},{"taxonomy":"post_tag","embeddable":true,"href":"https:\/\/masquenoticiastucuman.com.ar\/index.php?rest_route=%2Fwp%2Fv2%2Ftags&post=71232"}],"curies":[{"name":"wp","href":"https:\/\/api.w.org\/{rel}","templated":true}]}}