{"id":71233,"date":"2026-09-01T16:13:01","date_gmt":"2026-09-01T19:13:01","guid":{"rendered":"http:\/\/masquenoticiastucuman.com.ar\/?p=71233"},"modified":"2026-09-01T16:13:01","modified_gmt":"2026-09-01T19:13:01","slug":"haakon-viii-juro-como-rey-de-noruega-sin-la-presencia-de-la-reina-hospitalizada-por-complicaciones-con-su-trasplante-de-pulmon","status":"publish","type":"post","link":"https:\/\/masquenoticiastucuman.com.ar\/?p=71233","title":{"rendered":"Haakon VIII jur\u00f3 como rey de Noruega sin la presencia de la reina, hospitalizada por complicaciones con su trasplante de pulm\u00f3n"},"content":{"rendered":"<ul>\n<li>Mette-Marit no estuvo presente ante el juramento que prest\u00f3 su esposo ante el Parlamento y, en cambio, ingres\u00f3 al centro de salud. <\/li>\n<li>&#8220;La reina deber\u00e1 permanecer en observaci\u00f3n durante todo el d\u00eda&#8221;, dijeron desde el Palacio. <\/li>\n<\/ul>\n<p>\u200bMette-Marit no estuvo presente ante el juramento que prest\u00f3 su esposo ante el Parlamento y, en cambio, ingres\u00f3 al centro de salud. &#8220;La reina deber\u00e1 permanecer en observaci\u00f3n durante todo el d\u00eda&#8221;, dijeron desde el Palacio.\u00a0<a href=\"https:\/\/www.clarin.com\/mundo\/haakon-viii-juro-rey-noruega-presencia-reina-hospitalizada-complicaciones-trasplante-pulmon_0_OsMJYQiN1f.html\" target=\"_blank\" class=\"feedzy-rss-link-icon\">Read More<\/a><\/p>","protected":false},"excerpt":{"rendered":"<p>Mette-Marit no estuvo presente ante el juramento que prest\u00f3 su esposo ante el Parlamento y,&#8230;<\/p>\n","protected":false},"author":1,"featured_media":71234,"comment_status":"open","ping_status":"open","sticky":false,"template":"","format":"standard","meta":{"footnotes":"","_members_access_role":[],"_members_access_error":""},"categories":[4],"tags":[],"class_list":["post-71233","post","type-post","status-publish","format-standard","has-post-thumbnail","hentry","category-internacionales"],"_links":{"self":[{"href":"https:\/\/masquenoticiastucuman.com.ar\/index.php?rest_route=\/wp\/v2\/posts\/71233","targetHints":{"allow":["GET"]}}],"collection":[{"href":"https:\/\/masquenoticiastucuman.com.ar\/index.php?rest_route=\/wp\/v2\/posts"}],"about":[{"href":"https:\/\/masquenoticiastucuman.com.ar\/index.php?rest_route=\/wp\/v2\/types\/post"}],"author":[{"embeddable":true,"href":"https:\/\/masquenoticiastucuman.com.ar\/index.php?rest_route=\/wp\/v2\/users\/1"}],"replies":[{"embeddable":true,"href":"https:\/\/masquenoticiastucuman.com.ar\/index.php?rest_route=%2Fwp%2Fv2%2Fcomments&post=71233"}],"version-history":[{"count":0,"href":"https:\/\/masquenoticiastucuman.com.ar\/index.php?rest_route=\/wp\/v2\/posts\/71233\/revisions"}],"wp:featuredmedia":[{"embeddable":true,"href":"https:\/\/masquenoticiastucuman.com.ar\/index.php?rest_route=\/wp\/v2\/media\/71234"}],"wp:attachment":[{"href":"https:\/\/masquenoticiastucuman.com.ar\/index.php?rest_route=%2Fwp%2Fv2%2Fmedia&parent=71233"}],"wp:term":[{"taxonomy":"category","embeddable":true,"href":"https:\/\/masquenoticiastucuman.com.ar\/index.php?rest_route=%2Fwp%2Fv2%2Fcategories&post=71233"},{"taxonomy":"post_tag","embeddable":true,"href":"https:\/\/masquenoticiastucuman.com.ar\/index.php?rest_route=%2Fwp%2Fv2%2Ftags&post=71233"}],"curies":[{"name":"wp","href":"https:\/\/api.w.org\/{rel}","templated":true}]}}