{"id":71235,"date":"2026-09-01T15:55:50","date_gmt":"2026-09-01T18:55:50","guid":{"rendered":"http:\/\/masquenoticiastucuman.com.ar\/?p=71235"},"modified":"2026-09-01T15:55:50","modified_gmt":"2026-09-01T18:55:50","slug":"alemania-acusa-a-rusia-del-ataque-con-drones-en-el-aeropuerto-de-leipzig-y-anuncia-medidas-de-represalia","status":"publish","type":"post","link":"https:\/\/masquenoticiastucuman.com.ar\/?p=71235","title":{"rendered":"Alemania acusa a Rusia del ataque con drones en el aeropuerto de Leipzig y anuncia medidas de represalia"},"content":{"rendered":"<ul>\n<li>Tras la investigaci\u00f3n por el incidente de inicios de agosto, el ministro del Interior anticip\u00f3 que cerrar\u00e1n el consulado ruso en Bonn.<\/li>\n<li>La solidaridad de l\u00edderes europeos con los alemanes.<\/li>\n<\/ul>\n<p>\u200bTras la investigaci\u00f3n por el incidente de inicios de agosto, el ministro del Interior anticip\u00f3 que cerrar\u00e1n el consulado ruso en Bonn.La solidaridad de l\u00edderes europeos con los alemanes.\u00a0<a href=\"https:\/\/www.clarin.com\/mundo\/alemania-acusa-rusia-ataque-drones-aeropuerto-leipzig-anuncia-medidas-represalia_0_rF69SsICK7.html\" target=\"_blank\" class=\"feedzy-rss-link-icon\">Read More<\/a><\/p>","protected":false},"excerpt":{"rendered":"<p>Tras la investigaci\u00f3n por el incidente de inicios de agosto, el ministro del Interior anticip\u00f3&#8230;<\/p>\n","protected":false},"author":1,"featured_media":71236,"comment_status":"open","ping_status":"open","sticky":false,"template":"","format":"standard","meta":{"footnotes":"","_members_access_role":[],"_members_access_error":""},"categories":[4],"tags":[],"class_list":["post-71235","post","type-post","status-publish","format-standard","has-post-thumbnail","hentry","category-internacionales"],"_links":{"self":[{"href":"https:\/\/masquenoticiastucuman.com.ar\/index.php?rest_route=\/wp\/v2\/posts\/71235","targetHints":{"allow":["GET"]}}],"collection":[{"href":"https:\/\/masquenoticiastucuman.com.ar\/index.php?rest_route=\/wp\/v2\/posts"}],"about":[{"href":"https:\/\/masquenoticiastucuman.com.ar\/index.php?rest_route=\/wp\/v2\/types\/post"}],"author":[{"embeddable":true,"href":"https:\/\/masquenoticiastucuman.com.ar\/index.php?rest_route=\/wp\/v2\/users\/1"}],"replies":[{"embeddable":true,"href":"https:\/\/masquenoticiastucuman.com.ar\/index.php?rest_route=%2Fwp%2Fv2%2Fcomments&post=71235"}],"version-history":[{"count":0,"href":"https:\/\/masquenoticiastucuman.com.ar\/index.php?rest_route=\/wp\/v2\/posts\/71235\/revisions"}],"wp:featuredmedia":[{"embeddable":true,"href":"https:\/\/masquenoticiastucuman.com.ar\/index.php?rest_route=\/wp\/v2\/media\/71236"}],"wp:attachment":[{"href":"https:\/\/masquenoticiastucuman.com.ar\/index.php?rest_route=%2Fwp%2Fv2%2Fmedia&parent=71235"}],"wp:term":[{"taxonomy":"category","embeddable":true,"href":"https:\/\/masquenoticiastucuman.com.ar\/index.php?rest_route=%2Fwp%2Fv2%2Fcategories&post=71235"},{"taxonomy":"post_tag","embeddable":true,"href":"https:\/\/masquenoticiastucuman.com.ar\/index.php?rest_route=%2Fwp%2Fv2%2Ftags&post=71235"}],"curies":[{"name":"wp","href":"https:\/\/api.w.org\/{rel}","templated":true}]}}