{"id":71237,"date":"2026-09-01T15:01:11","date_gmt":"2026-09-01T18:01:11","guid":{"rendered":"http:\/\/masquenoticiastucuman.com.ar\/?p=71237"},"modified":"2026-09-01T15:01:11","modified_gmt":"2026-09-01T18:01:11","slug":"murio-eduardo-calcagno-director-de-yepeto-y-el-censor","status":"publish","type":"post","link":"https:\/\/masquenoticiastucuman.com.ar\/?p=71237","title":{"rendered":"Muri\u00f3 Eduardo Calcagno, director de Yepeto y El censor"},"content":{"rendered":"<ul>\n<li>El director, guionista y productor falleci\u00f3 en las primeras horas del d\u00eda.<\/li>\n<li>Ten\u00eda 85 a\u00f1os.<\/li>\n<\/ul>\n<p>\u200bEl director, guionista y productor falleci\u00f3 en las primeras horas del d\u00eda.Ten\u00eda 85 a\u00f1os.\u00a0<a href=\"https:\/\/www.clarin.com\/espectaculos\/murio-eduardo-calcagno-director-yepeto-censor_0_QBDHUj7543.html\" target=\"_blank\" class=\"feedzy-rss-link-icon\">Read More<\/a><\/p>","protected":false},"excerpt":{"rendered":"<p>El director, guionista y productor falleci\u00f3 en las primeras horas del d\u00eda. Ten\u00eda 85 a\u00f1os&#8230;.<\/p>\n","protected":false},"author":1,"featured_media":0,"comment_status":"open","ping_status":"open","sticky":false,"template":"","format":"standard","meta":{"footnotes":"","_members_access_role":[],"_members_access_error":""},"categories":[5],"tags":[],"class_list":["post-71237","post","type-post","status-publish","format-standard","has-post-thumbnail","hentry","category-espectaculo"],"_links":{"self":[{"href":"https:\/\/masquenoticiastucuman.com.ar\/index.php?rest_route=\/wp\/v2\/posts\/71237","targetHints":{"allow":["GET"]}}],"collection":[{"href":"https:\/\/masquenoticiastucuman.com.ar\/index.php?rest_route=\/wp\/v2\/posts"}],"about":[{"href":"https:\/\/masquenoticiastucuman.com.ar\/index.php?rest_route=\/wp\/v2\/types\/post"}],"author":[{"embeddable":true,"href":"https:\/\/masquenoticiastucuman.com.ar\/index.php?rest_route=\/wp\/v2\/users\/1"}],"replies":[{"embeddable":true,"href":"https:\/\/masquenoticiastucuman.com.ar\/index.php?rest_route=%2Fwp%2Fv2%2Fcomments&post=71237"}],"version-history":[{"count":0,"href":"https:\/\/masquenoticiastucuman.com.ar\/index.php?rest_route=\/wp\/v2\/posts\/71237\/revisions"}],"wp:attachment":[{"href":"https:\/\/masquenoticiastucuman.com.ar\/index.php?rest_route=%2Fwp%2Fv2%2Fmedia&parent=71237"}],"wp:term":[{"taxonomy":"category","embeddable":true,"href":"https:\/\/masquenoticiastucuman.com.ar\/index.php?rest_route=%2Fwp%2Fv2%2Fcategories&post=71237"},{"taxonomy":"post_tag","embeddable":true,"href":"https:\/\/masquenoticiastucuman.com.ar\/index.php?rest_route=%2Fwp%2Fv2%2Ftags&post=71237"}],"curies":[{"name":"wp","href":"https:\/\/api.w.org\/{rel}","templated":true}]}}