{"id":71239,"date":"2026-09-01T15:46:10","date_gmt":"2026-09-01T18:46:10","guid":{"rendered":"http:\/\/masquenoticiastucuman.com.ar\/?p=71239"},"modified":"2026-09-01T15:46:10","modified_gmt":"2026-09-01T18:46:10","slug":"el-presidente-de-la-fia-le-dio-su-aval-al-regreso-de-la-formula-1-a-buenos-aires-merece-ser-parte-del-calendario","status":"publish","type":"post","link":"https:\/\/masquenoticiastucuman.com.ar\/?p=71239","title":{"rendered":"El presidente de la FIA le dio su aval al regreso de la F\u00f3rmula 1 a Buenos Aires: &#8220;Merece ser parte del calendario&#8221;"},"content":{"rendered":"<ul>\n<li>Mohammed Ben Sulayem particip\u00f3 de un encuentro con Jorge Macri y conoci\u00f3 el proyecto.<\/li>\n<li>Las obras de modernizaci\u00f3n en el Aut\u00f3dromo de Buenos Aires contemplan una inversi\u00f3n de 150 millones de d\u00f3lares.<\/li>\n<li>&#8220;Queremos ver a Colapinto en el pa\u00eds&#8221;, hab\u00eda dicho Javier Milei, optimista de recibir a la F1.<\/li>\n<\/ul>\n<p>\u200bMohammed Ben Sulayem particip\u00f3 de un encuentro con Jorge Macri y conoci\u00f3 el proyecto.Las obras de modernizaci\u00f3n en el Aut\u00f3dromo de Buenos Aires contemplan una inversi\u00f3n de 150 millones de d\u00f3lares.&#8221;Queremos ver a Colapinto en el pa\u00eds&#8221;, hab\u00eda dicho Javier Milei, optimista de recibir a la F1.\u00a0<a href=\"https:\/\/www.clarin.com\/deportes\/presidente-fia-dio-aval-regreso-formula-1-buenos-aires-merece-parte-calendario_0_A5AJRaPOAl.html\" target=\"_blank\" class=\"feedzy-rss-link-icon\">Read More<\/a><\/p>","protected":false},"excerpt":{"rendered":"<p>Mohammed Ben Sulayem particip\u00f3 de un encuentro con Jorge Macri y conoci\u00f3 el proyecto. Las&#8230;<\/p>\n","protected":false},"author":1,"featured_media":0,"comment_status":"open","ping_status":"open","sticky":false,"template":"","format":"standard","meta":{"footnotes":"","_members_access_role":[],"_members_access_error":""},"categories":[6],"tags":[],"class_list":["post-71239","post","type-post","status-publish","format-standard","has-post-thumbnail","hentry","category-deportes"],"_links":{"self":[{"href":"https:\/\/masquenoticiastucuman.com.ar\/index.php?rest_route=\/wp\/v2\/posts\/71239","targetHints":{"allow":["GET"]}}],"collection":[{"href":"https:\/\/masquenoticiastucuman.com.ar\/index.php?rest_route=\/wp\/v2\/posts"}],"about":[{"href":"https:\/\/masquenoticiastucuman.com.ar\/index.php?rest_route=\/wp\/v2\/types\/post"}],"author":[{"embeddable":true,"href":"https:\/\/masquenoticiastucuman.com.ar\/index.php?rest_route=\/wp\/v2\/users\/1"}],"replies":[{"embeddable":true,"href":"https:\/\/masquenoticiastucuman.com.ar\/index.php?rest_route=%2Fwp%2Fv2%2Fcomments&post=71239"}],"version-history":[{"count":0,"href":"https:\/\/masquenoticiastucuman.com.ar\/index.php?rest_route=\/wp\/v2\/posts\/71239\/revisions"}],"wp:attachment":[{"href":"https:\/\/masquenoticiastucuman.com.ar\/index.php?rest_route=%2Fwp%2Fv2%2Fmedia&parent=71239"}],"wp:term":[{"taxonomy":"category","embeddable":true,"href":"https:\/\/masquenoticiastucuman.com.ar\/index.php?rest_route=%2Fwp%2Fv2%2Fcategories&post=71239"},{"taxonomy":"post_tag","embeddable":true,"href":"https:\/\/masquenoticiastucuman.com.ar\/index.php?rest_route=%2Fwp%2Fv2%2Ftags&post=71239"}],"curies":[{"name":"wp","href":"https:\/\/api.w.org\/{rel}","templated":true}]}}