{"id":71242,"date":"2026-09-01T18:54:46","date_gmt":"2026-09-01T21:54:46","guid":{"rendered":"http:\/\/masquenoticiastucuman.com.ar\/?p=71242"},"modified":"2026-09-01T18:54:46","modified_gmt":"2026-09-01T21:54:46","slug":"un-juez-de-la-corte-suprema-de-brasil-bajo-sospecha-por-sus-vinculos-con-un-banquero-preso-por-corrupcion","status":"publish","type":"post","link":"https:\/\/masquenoticiastucuman.com.ar\/?p=71242","title":{"rendered":"Un juez de la Corte Suprema de Brasil, bajo sospecha por sus v\u00ednculos con un banquero preso por corrupci\u00f3n"},"content":{"rendered":"<ul>\n<li>Alexandre de Moraes, el magistrado que conden\u00f3 a Jair Bolsonaro, es acusado de v\u00ednculos con Daniel Vorcaro, acusado de un fraude millonario.<\/li>\n<li>El caso agita la campa\u00f1a electoral en Brasil, un mes antes de las presidenciales en las que Lula da Silva y Fl\u00e1vio Bolsonaro compiten casi cabeza a cabeza.<\/li>\n<\/ul>\n<p>\u200bAlexandre de Moraes, el magistrado que conden\u00f3 a Jair Bolsonaro, es acusado de v\u00ednculos con Daniel Vorcaro, acusado de un fraude millonario.El caso agita la campa\u00f1a electoral en Brasil, un mes antes de las presidenciales en las que Lula da Silva y Fl\u00e1vio Bolsonaro compiten casi cabeza a cabeza.\u00a0<a href=\"https:\/\/www.clarin.com\/mundo\/juez-corte-suprema-brasil-sospecha-vinculos-banquero-preso-corrupcion_0_R5yM9NckGs.html\" target=\"_blank\" class=\"feedzy-rss-link-icon\">Read More<\/a><\/p>","protected":false},"excerpt":{"rendered":"<p>Alexandre de Moraes, el magistrado que conden\u00f3 a Jair Bolsonaro, es acusado de v\u00ednculos con&#8230;<\/p>\n","protected":false},"author":1,"featured_media":71243,"comment_status":"open","ping_status":"open","sticky":false,"template":"","format":"standard","meta":{"footnotes":"","_members_access_role":[],"_members_access_error":""},"categories":[4],"tags":[],"class_list":["post-71242","post","type-post","status-publish","format-standard","has-post-thumbnail","hentry","category-internacionales"],"_links":{"self":[{"href":"https:\/\/masquenoticiastucuman.com.ar\/index.php?rest_route=\/wp\/v2\/posts\/71242","targetHints":{"allow":["GET"]}}],"collection":[{"href":"https:\/\/masquenoticiastucuman.com.ar\/index.php?rest_route=\/wp\/v2\/posts"}],"about":[{"href":"https:\/\/masquenoticiastucuman.com.ar\/index.php?rest_route=\/wp\/v2\/types\/post"}],"author":[{"embeddable":true,"href":"https:\/\/masquenoticiastucuman.com.ar\/index.php?rest_route=\/wp\/v2\/users\/1"}],"replies":[{"embeddable":true,"href":"https:\/\/masquenoticiastucuman.com.ar\/index.php?rest_route=%2Fwp%2Fv2%2Fcomments&post=71242"}],"version-history":[{"count":0,"href":"https:\/\/masquenoticiastucuman.com.ar\/index.php?rest_route=\/wp\/v2\/posts\/71242\/revisions"}],"wp:featuredmedia":[{"embeddable":true,"href":"https:\/\/masquenoticiastucuman.com.ar\/index.php?rest_route=\/wp\/v2\/media\/71243"}],"wp:attachment":[{"href":"https:\/\/masquenoticiastucuman.com.ar\/index.php?rest_route=%2Fwp%2Fv2%2Fmedia&parent=71242"}],"wp:term":[{"taxonomy":"category","embeddable":true,"href":"https:\/\/masquenoticiastucuman.com.ar\/index.php?rest_route=%2Fwp%2Fv2%2Fcategories&post=71242"},{"taxonomy":"post_tag","embeddable":true,"href":"https:\/\/masquenoticiastucuman.com.ar\/index.php?rest_route=%2Fwp%2Fv2%2Ftags&post=71242"}],"curies":[{"name":"wp","href":"https:\/\/api.w.org\/{rel}","templated":true}]}}