{"id":71247,"date":"2026-09-01T18:24:45","date_gmt":"2026-09-01T21:24:45","guid":{"rendered":"http:\/\/masquenoticiastucuman.com.ar\/?p=71247"},"modified":"2026-09-01T18:24:45","modified_gmt":"2026-09-01T21:24:45","slug":"boca-se-despidio-de-exequiel-zeballos-le-dedico-un-emotivo-video-y-monza-ya-lo-presento-como-refuerzo","status":"publish","type":"post","link":"https:\/\/masquenoticiastucuman.com.ar\/?p=71247","title":{"rendered":"Boca se despidi\u00f3 de Exequiel Zeballos: le dedic\u00f3 un emotivo video y Monza ya lo present\u00f3 como refuerzo"},"content":{"rendered":"<ul>\n<li>La novela del Changuito tuvo final feliz para todos, a meses de quedar libre.<\/li>\n<li>El delantero recibi\u00f3 una oferta millonaria que le permitir\u00e1 jugar en Italia.<\/li>\n<li>Desde Boca le prepararon una serie de posteos, destacando su paso.<\/li>\n<\/ul>\n<p>\u200bLa novela del Changuito tuvo final feliz para todos, a meses de quedar libre.El delantero recibi\u00f3 una oferta millonaria que le permitir\u00e1 jugar en Italia.Desde Boca le prepararon una serie de posteos, destacando su paso.\u00a0<a href=\"https:\/\/www.clarin.com\/deportes\/boca-despidio-exequiel-zeballos-dedico-emotivo-video-monza-presento-refuerzo_0_kmjQyKp0Rc.html\" target=\"_blank\" class=\"feedzy-rss-link-icon\">Read More<\/a><\/p>","protected":false},"excerpt":{"rendered":"<p>La novela del Changuito tuvo final feliz para todos, a meses de quedar libre. El&#8230;<\/p>\n","protected":false},"author":1,"featured_media":0,"comment_status":"open","ping_status":"open","sticky":false,"template":"","format":"standard","meta":{"footnotes":"","_members_access_role":[],"_members_access_error":""},"categories":[6],"tags":[],"class_list":["post-71247","post","type-post","status-publish","format-standard","has-post-thumbnail","hentry","category-deportes"],"_links":{"self":[{"href":"https:\/\/masquenoticiastucuman.com.ar\/index.php?rest_route=\/wp\/v2\/posts\/71247","targetHints":{"allow":["GET"]}}],"collection":[{"href":"https:\/\/masquenoticiastucuman.com.ar\/index.php?rest_route=\/wp\/v2\/posts"}],"about":[{"href":"https:\/\/masquenoticiastucuman.com.ar\/index.php?rest_route=\/wp\/v2\/types\/post"}],"author":[{"embeddable":true,"href":"https:\/\/masquenoticiastucuman.com.ar\/index.php?rest_route=\/wp\/v2\/users\/1"}],"replies":[{"embeddable":true,"href":"https:\/\/masquenoticiastucuman.com.ar\/index.php?rest_route=%2Fwp%2Fv2%2Fcomments&post=71247"}],"version-history":[{"count":0,"href":"https:\/\/masquenoticiastucuman.com.ar\/index.php?rest_route=\/wp\/v2\/posts\/71247\/revisions"}],"wp:attachment":[{"href":"https:\/\/masquenoticiastucuman.com.ar\/index.php?rest_route=%2Fwp%2Fv2%2Fmedia&parent=71247"}],"wp:term":[{"taxonomy":"category","embeddable":true,"href":"https:\/\/masquenoticiastucuman.com.ar\/index.php?rest_route=%2Fwp%2Fv2%2Fcategories&post=71247"},{"taxonomy":"post_tag","embeddable":true,"href":"https:\/\/masquenoticiastucuman.com.ar\/index.php?rest_route=%2Fwp%2Fv2%2Ftags&post=71247"}],"curies":[{"name":"wp","href":"https:\/\/api.w.org\/{rel}","templated":true}]}}