{"id":71250,"date":"2026-09-01T19:41:47","date_gmt":"2026-09-01T22:41:47","guid":{"rendered":"http:\/\/masquenoticiastucuman.com.ar\/?p=71250"},"modified":"2026-09-01T19:41:47","modified_gmt":"2026-09-01T22:41:47","slug":"el-riesgo-ya-no-es-macro-es-social-y-micro-economico-la-conclusion-de-un-encuentro-de-ceos-de-multinacionales","status":"publish","type":"post","link":"https:\/\/masquenoticiastucuman.com.ar\/?p=71250","title":{"rendered":"&#8220;El riesgo ya no es macro, es social y micro econ\u00f3mico&#8221;, la conclusi\u00f3n de un encuentro de CEOs de multinacionales"},"content":{"rendered":"<ul>\n<li>En un evento organizado por la consultora abeceb remarcaron la consolidaci\u00f3n macroecon\u00f3mica y que ya  no hay riesgo de reversi\u00f3n del cambio de modelo.<\/li>\n<li> Pero a su vez se\u00f1alaron que eso no despeja los problemas en la actividad ni en el campo social. <\/li>\n<\/ul>\n<p>\u200bEn un evento organizado por la consultora abeceb remarcaron la consolidaci\u00f3n macroecon\u00f3mica y que ya  no hay riesgo de reversi\u00f3n del cambio de modelo. Pero a su vez se\u00f1alaron que eso no despeja los problemas en la actividad ni en el campo social.\u00a0<a href=\"https:\/\/www.clarin.com\/economia\/riesgo-macro-social-micro-economico-conclusion-encuentro-ceos-multinacionales_0_4lT9e1mUqu.html\" target=\"_blank\" class=\"feedzy-rss-link-icon\">Read More<\/a><\/p>","protected":false},"excerpt":{"rendered":"<p>En un evento organizado por la consultora abeceb remarcaron la consolidaci\u00f3n macroecon\u00f3mica y que ya&#8230;<\/p>\n","protected":false},"author":1,"featured_media":0,"comment_status":"open","ping_status":"open","sticky":false,"template":"","format":"standard","meta":{"footnotes":"","_members_access_role":[],"_members_access_error":""},"categories":[3],"tags":[],"class_list":["post-71250","post","type-post","status-publish","format-standard","has-post-thumbnail","hentry","category-nacionales"],"_links":{"self":[{"href":"https:\/\/masquenoticiastucuman.com.ar\/index.php?rest_route=\/wp\/v2\/posts\/71250","targetHints":{"allow":["GET"]}}],"collection":[{"href":"https:\/\/masquenoticiastucuman.com.ar\/index.php?rest_route=\/wp\/v2\/posts"}],"about":[{"href":"https:\/\/masquenoticiastucuman.com.ar\/index.php?rest_route=\/wp\/v2\/types\/post"}],"author":[{"embeddable":true,"href":"https:\/\/masquenoticiastucuman.com.ar\/index.php?rest_route=\/wp\/v2\/users\/1"}],"replies":[{"embeddable":true,"href":"https:\/\/masquenoticiastucuman.com.ar\/index.php?rest_route=%2Fwp%2Fv2%2Fcomments&post=71250"}],"version-history":[{"count":0,"href":"https:\/\/masquenoticiastucuman.com.ar\/index.php?rest_route=\/wp\/v2\/posts\/71250\/revisions"}],"wp:attachment":[{"href":"https:\/\/masquenoticiastucuman.com.ar\/index.php?rest_route=%2Fwp%2Fv2%2Fmedia&parent=71250"}],"wp:term":[{"taxonomy":"category","embeddable":true,"href":"https:\/\/masquenoticiastucuman.com.ar\/index.php?rest_route=%2Fwp%2Fv2%2Fcategories&post=71250"},{"taxonomy":"post_tag","embeddable":true,"href":"https:\/\/masquenoticiastucuman.com.ar\/index.php?rest_route=%2Fwp%2Fv2%2Ftags&post=71250"}],"curies":[{"name":"wp","href":"https:\/\/api.w.org\/{rel}","templated":true}]}}