{"id":71254,"date":"2026-09-01T20:25:30","date_gmt":"2026-09-01T23:25:30","guid":{"rendered":"http:\/\/masquenoticiastucuman.com.ar\/?p=71254"},"modified":"2026-09-01T20:25:30","modified_gmt":"2026-09-01T23:25:30","slug":"el-video-presentacion-de-enzo-fernandez-en-el-manchester-city-y-el-comentario-de-erling-haaland-es-un-jugador-de-clase-mundial","status":"publish","type":"post","link":"https:\/\/masquenoticiastucuman.com.ar\/?p=71254","title":{"rendered":"El video presentaci\u00f3n de Enzo Fern\u00e1ndez en el Manchester City y el comentario de Erling Haaland: &#8220;Es un jugador de clase mundial&#8221;"},"content":{"rendered":"<ul>\n<li>El club ingl\u00e9s oficializ\u00f3 en sus redes sociales la llegada del volante, recordando a otros \u00eddolos argentinos de la instituci\u00f3n.<\/li>\n<li>&#8220;No podr\u00eda estar m\u00e1s feliz de estar aqu\u00ed&#8221;, declar\u00f3 el campe\u00f3n y subcampe\u00f3n del mundo en sus primeras palabras.<\/li>\n<\/ul>\n<p>\u200bEl club ingl\u00e9s oficializ\u00f3 en sus redes sociales la llegada del volante, recordando a otros \u00eddolos argentinos de la instituci\u00f3n.&#8221;No podr\u00eda estar m\u00e1s feliz de estar aqu\u00ed&#8221;, declar\u00f3 el campe\u00f3n y subcampe\u00f3n del mundo en sus primeras palabras.\u00a0<a href=\"https:\/\/www.clarin.com\/deportes\/video-presentacion-enzo-fernandez-manchester-city-comentario-erling-haaland-jugador-clase-mundial_0_xOf6MkJQje.html\" target=\"_blank\" class=\"feedzy-rss-link-icon\">Read More<\/a><\/p>","protected":false},"excerpt":{"rendered":"<p>El club ingl\u00e9s oficializ\u00f3 en sus redes sociales la llegada del volante, recordando a otros&#8230;<\/p>\n","protected":false},"author":1,"featured_media":0,"comment_status":"open","ping_status":"open","sticky":false,"template":"","format":"standard","meta":{"footnotes":"","_members_access_role":[],"_members_access_error":""},"categories":[6],"tags":[],"class_list":["post-71254","post","type-post","status-publish","format-standard","has-post-thumbnail","hentry","category-deportes"],"_links":{"self":[{"href":"https:\/\/masquenoticiastucuman.com.ar\/index.php?rest_route=\/wp\/v2\/posts\/71254","targetHints":{"allow":["GET"]}}],"collection":[{"href":"https:\/\/masquenoticiastucuman.com.ar\/index.php?rest_route=\/wp\/v2\/posts"}],"about":[{"href":"https:\/\/masquenoticiastucuman.com.ar\/index.php?rest_route=\/wp\/v2\/types\/post"}],"author":[{"embeddable":true,"href":"https:\/\/masquenoticiastucuman.com.ar\/index.php?rest_route=\/wp\/v2\/users\/1"}],"replies":[{"embeddable":true,"href":"https:\/\/masquenoticiastucuman.com.ar\/index.php?rest_route=%2Fwp%2Fv2%2Fcomments&post=71254"}],"version-history":[{"count":0,"href":"https:\/\/masquenoticiastucuman.com.ar\/index.php?rest_route=\/wp\/v2\/posts\/71254\/revisions"}],"wp:attachment":[{"href":"https:\/\/masquenoticiastucuman.com.ar\/index.php?rest_route=%2Fwp%2Fv2%2Fmedia&parent=71254"}],"wp:term":[{"taxonomy":"category","embeddable":true,"href":"https:\/\/masquenoticiastucuman.com.ar\/index.php?rest_route=%2Fwp%2Fv2%2Fcategories&post=71254"},{"taxonomy":"post_tag","embeddable":true,"href":"https:\/\/masquenoticiastucuman.com.ar\/index.php?rest_route=%2Fwp%2Fv2%2Ftags&post=71254"}],"curies":[{"name":"wp","href":"https:\/\/api.w.org\/{rel}","templated":true}]}}