{"id":71255,"date":"2026-09-01T19:30:19","date_gmt":"2026-09-01T22:30:19","guid":{"rendered":"http:\/\/masquenoticiastucuman.com.ar\/?p=71255"},"modified":"2026-09-01T19:30:19","modified_gmt":"2026-09-01T22:30:19","slug":"enzo-fernandez-al-manchester-city-el-redito-que-le-deja-a-river-sera-el-mas-grande-de-la-historia-del-club-cabeza-a-cabeza-con-mastantuono","status":"publish","type":"post","link":"https:\/\/masquenoticiastucuman.com.ar\/?p=71255","title":{"rendered":"Enzo Fern\u00e1ndez al Manchester City: el r\u00e9dito que le deja a River ser\u00e1 el m\u00e1s grande de la historia del club, cabeza a cabeza con Mastantuono"},"content":{"rendered":"<ul>\n<li>El mediocampista de 25 a\u00f1os fue transferido desde el Chelsea en una cifra impresionante.<\/li>\n<li>Un recorrido por su historia hasta debutar en la Primera del Millonario.<\/li>\n<\/ul>\n<p>\u200bEl mediocampista de 25 a\u00f1os fue transferido desde el Chelsea en una cifra impresionante.Un recorrido por su historia hasta debutar en la Primera del Millonario.\u00a0<a href=\"https:\/\/www.clarin.com\/deportes\/enzo-fernandez-manchester-city-redito-deja-river-grande-historia-club-cabeza-cabeza-mastantuono_0_9Okrl2AbIP.html\" target=\"_blank\" class=\"feedzy-rss-link-icon\">Read More<\/a><\/p>","protected":false},"excerpt":{"rendered":"<p>El mediocampista de 25 a\u00f1os fue transferido desde el Chelsea en una cifra impresionante. Un&#8230;<\/p>\n","protected":false},"author":1,"featured_media":0,"comment_status":"open","ping_status":"open","sticky":false,"template":"","format":"standard","meta":{"footnotes":"","_members_access_role":[],"_members_access_error":""},"categories":[6],"tags":[],"class_list":["post-71255","post","type-post","status-publish","format-standard","has-post-thumbnail","hentry","category-deportes"],"_links":{"self":[{"href":"https:\/\/masquenoticiastucuman.com.ar\/index.php?rest_route=\/wp\/v2\/posts\/71255","targetHints":{"allow":["GET"]}}],"collection":[{"href":"https:\/\/masquenoticiastucuman.com.ar\/index.php?rest_route=\/wp\/v2\/posts"}],"about":[{"href":"https:\/\/masquenoticiastucuman.com.ar\/index.php?rest_route=\/wp\/v2\/types\/post"}],"author":[{"embeddable":true,"href":"https:\/\/masquenoticiastucuman.com.ar\/index.php?rest_route=\/wp\/v2\/users\/1"}],"replies":[{"embeddable":true,"href":"https:\/\/masquenoticiastucuman.com.ar\/index.php?rest_route=%2Fwp%2Fv2%2Fcomments&post=71255"}],"version-history":[{"count":0,"href":"https:\/\/masquenoticiastucuman.com.ar\/index.php?rest_route=\/wp\/v2\/posts\/71255\/revisions"}],"wp:attachment":[{"href":"https:\/\/masquenoticiastucuman.com.ar\/index.php?rest_route=%2Fwp%2Fv2%2Fmedia&parent=71255"}],"wp:term":[{"taxonomy":"category","embeddable":true,"href":"https:\/\/masquenoticiastucuman.com.ar\/index.php?rest_route=%2Fwp%2Fv2%2Fcategories&post=71255"},{"taxonomy":"post_tag","embeddable":true,"href":"https:\/\/masquenoticiastucuman.com.ar\/index.php?rest_route=%2Fwp%2Fv2%2Ftags&post=71255"}],"curies":[{"name":"wp","href":"https:\/\/api.w.org\/{rel}","templated":true}]}}