{"id":71256,"date":"2026-09-01T20:55:26","date_gmt":"2026-09-01T23:55:26","guid":{"rendered":"http:\/\/masquenoticiastucuman.com.ar\/?p=71256"},"modified":"2026-09-01T20:55:26","modified_gmt":"2026-09-01T23:55:26","slug":"javier-milei-ojea-su-ancho-de-espadas-la-inflacion-podria-ser-la-mas-baja-en-mas-de-un-ano","status":"publish","type":"post","link":"https:\/\/masquenoticiastucuman.com.ar\/?p=71256","title":{"rendered":"Javier Milei ojea su ancho de espadas: la inflaci\u00f3n podr\u00eda ser la m\u00e1s baja en m\u00e1s de un a\u00f1o"},"content":{"rendered":"<ul>\n<li>En el Gobierno mencionan que el IPC de agosto podr\u00eda dar 1,6%. Son estimaciones que coinciden con las de algunas consultoras. <\/li>\n<li>Un estudio del economista Martin Rozada, de la UTDT, muestra que la inflaci\u00f3n en los hogares m\u00e1s pobres es m\u00e1s baja que para los m\u00e1s ricos.<\/li>\n<\/ul>\n<p>\u200bEn el Gobierno mencionan que el IPC de agosto podr\u00eda dar 1,6%. Son estimaciones que coinciden con las de algunas consultoras. Un estudio del economista Martin Rozada, de la UTDT, muestra que la inflaci\u00f3n en los hogares m\u00e1s pobres es m\u00e1s baja que para los m\u00e1s ricos.\u00a0<a href=\"https:\/\/www.clarin.com\/economia\/javier-milei-ojea-ancho-espadas-inflacion-podria-baja-ano_0_MAU94mHRRH.html\" target=\"_blank\" class=\"feedzy-rss-link-icon\">Read More<\/a><\/p>","protected":false},"excerpt":{"rendered":"<p>En el Gobierno mencionan que el IPC de agosto podr\u00eda dar 1,6%. Son estimaciones que&#8230;<\/p>\n","protected":false},"author":1,"featured_media":0,"comment_status":"open","ping_status":"open","sticky":false,"template":"","format":"standard","meta":{"footnotes":"","_members_access_role":[],"_members_access_error":""},"categories":[3],"tags":[],"class_list":["post-71256","post","type-post","status-publish","format-standard","has-post-thumbnail","hentry","category-nacionales"],"_links":{"self":[{"href":"https:\/\/masquenoticiastucuman.com.ar\/index.php?rest_route=\/wp\/v2\/posts\/71256","targetHints":{"allow":["GET"]}}],"collection":[{"href":"https:\/\/masquenoticiastucuman.com.ar\/index.php?rest_route=\/wp\/v2\/posts"}],"about":[{"href":"https:\/\/masquenoticiastucuman.com.ar\/index.php?rest_route=\/wp\/v2\/types\/post"}],"author":[{"embeddable":true,"href":"https:\/\/masquenoticiastucuman.com.ar\/index.php?rest_route=\/wp\/v2\/users\/1"}],"replies":[{"embeddable":true,"href":"https:\/\/masquenoticiastucuman.com.ar\/index.php?rest_route=%2Fwp%2Fv2%2Fcomments&post=71256"}],"version-history":[{"count":0,"href":"https:\/\/masquenoticiastucuman.com.ar\/index.php?rest_route=\/wp\/v2\/posts\/71256\/revisions"}],"wp:attachment":[{"href":"https:\/\/masquenoticiastucuman.com.ar\/index.php?rest_route=%2Fwp%2Fv2%2Fmedia&parent=71256"}],"wp:term":[{"taxonomy":"category","embeddable":true,"href":"https:\/\/masquenoticiastucuman.com.ar\/index.php?rest_route=%2Fwp%2Fv2%2Fcategories&post=71256"},{"taxonomy":"post_tag","embeddable":true,"href":"https:\/\/masquenoticiastucuman.com.ar\/index.php?rest_route=%2Fwp%2Fv2%2Ftags&post=71256"}],"curies":[{"name":"wp","href":"https:\/\/api.w.org\/{rel}","templated":true}]}}