{"id":71257,"date":"2026-09-01T22:20:53","date_gmt":"2026-09-02T01:20:53","guid":{"rendered":"http:\/\/masquenoticiastucuman.com.ar\/?p=71257"},"modified":"2026-09-01T22:20:53","modified_gmt":"2026-09-02T01:20:53","slug":"independiente-se-desangra-en-el-penultimo-dia-de-mercado-en-argentina-vendio-a-lomonaco-y-maxi-gutierrez","status":"publish","type":"post","link":"https:\/\/masquenoticiastucuman.com.ar\/?p=71257","title":{"rendered":"Independiente se desangra: en el pen\u00faltimo d\u00eda de mercado en Argentina vendi\u00f3 a Lom\u00f3naco y Maxi Guti\u00e9rrez"},"content":{"rendered":"<ul>\n<li>El defensor se va al Elche de Espa\u00f1a y el delantero a Rusia.<\/li>\n<li>Ya se hab\u00eda desprendido de su goleador Gabriel \u00c1valos y este martes cierra el libro de la Liga Profesional.<\/li>\n<\/ul>\n<p>\u200bEl defensor se va al Elche de Espa\u00f1a y el delantero a Rusia.Ya se hab\u00eda desprendido de su goleador Gabriel \u00c1valos y este martes cierra el libro de la Liga Profesional.\u00a0<a href=\"https:\/\/www.clarin.com\/deportes\/independiente-desangra-penultimo-dia-mercado-argentina-vendio-lomonaco-maxi-gutierrez_0_Qf0w0eWIHJ.html\" target=\"_blank\" class=\"feedzy-rss-link-icon\">Read More<\/a><\/p>","protected":false},"excerpt":{"rendered":"<p>El defensor se va al Elche de Espa\u00f1a y el delantero a Rusia. Ya se&#8230;<\/p>\n","protected":false},"author":1,"featured_media":0,"comment_status":"open","ping_status":"open","sticky":false,"template":"","format":"standard","meta":{"footnotes":"","_members_access_role":[],"_members_access_error":""},"categories":[6],"tags":[],"class_list":["post-71257","post","type-post","status-publish","format-standard","has-post-thumbnail","hentry","category-deportes"],"_links":{"self":[{"href":"https:\/\/masquenoticiastucuman.com.ar\/index.php?rest_route=\/wp\/v2\/posts\/71257","targetHints":{"allow":["GET"]}}],"collection":[{"href":"https:\/\/masquenoticiastucuman.com.ar\/index.php?rest_route=\/wp\/v2\/posts"}],"about":[{"href":"https:\/\/masquenoticiastucuman.com.ar\/index.php?rest_route=\/wp\/v2\/types\/post"}],"author":[{"embeddable":true,"href":"https:\/\/masquenoticiastucuman.com.ar\/index.php?rest_route=\/wp\/v2\/users\/1"}],"replies":[{"embeddable":true,"href":"https:\/\/masquenoticiastucuman.com.ar\/index.php?rest_route=%2Fwp%2Fv2%2Fcomments&post=71257"}],"version-history":[{"count":0,"href":"https:\/\/masquenoticiastucuman.com.ar\/index.php?rest_route=\/wp\/v2\/posts\/71257\/revisions"}],"wp:attachment":[{"href":"https:\/\/masquenoticiastucuman.com.ar\/index.php?rest_route=%2Fwp%2Fv2%2Fmedia&parent=71257"}],"wp:term":[{"taxonomy":"category","embeddable":true,"href":"https:\/\/masquenoticiastucuman.com.ar\/index.php?rest_route=%2Fwp%2Fv2%2Fcategories&post=71257"},{"taxonomy":"post_tag","embeddable":true,"href":"https:\/\/masquenoticiastucuman.com.ar\/index.php?rest_route=%2Fwp%2Fv2%2Ftags&post=71257"}],"curies":[{"name":"wp","href":"https:\/\/api.w.org\/{rel}","templated":true}]}}