{"id":71258,"date":"2026-09-01T22:10:58","date_gmt":"2026-09-02T01:10:58","guid":{"rendered":"http:\/\/masquenoticiastucuman.com.ar\/?p=71258"},"modified":"2026-09-01T22:10:58","modified_gmt":"2026-09-02T01:10:58","slug":"la-conclusion-de-la-fia-tras-su-visita-a-buenos-aires-y-la-posible-respuesta-a-la-gran-pregunta-cuando-volvera-la-formula-1-a-la-argentina","status":"publish","type":"post","link":"https:\/\/masquenoticiastucuman.com.ar\/?p=71258","title":{"rendered":"La conclusi\u00f3n de la FIA tras su visita a Buenos Aires y la posible respuesta a la gran pregunta: \u00bfcu\u00e1ndo volver\u00e1 la F\u00f3rmula 1 a la Argentina?"},"content":{"rendered":"<ul>\n<li>Al presidente Mohammed ben Sulayem le bastaron 24 horas en el pa\u00eds para confirmar que en un pueblo futbolero, el automovilismo tambi\u00e9n despierta pasiones.<\/li>\n<li>&#8220;El futuro luce brillante&#8221;, afirm\u00f3 en una conferencia de prensa.<\/li>\n<\/ul>\n<p>\u200bAl presidente Mohammed ben Sulayem le bastaron 24 horas en el pa\u00eds para confirmar que en un pueblo futbolero, el automovilismo tambi\u00e9n despierta pasiones.&#8221;El futuro luce brillante&#8221;, afirm\u00f3 en una conferencia de prensa.\u00a0<a href=\"https:\/\/www.clarin.com\/deportes\/conclusion-fia-visita-buenos-aires-posible-respuesta-gran-pregunta-volvera-formula-1-argentina_0_Af2VOKz4Xn.html\" target=\"_blank\" class=\"feedzy-rss-link-icon\">Read More<\/a><\/p>","protected":false},"excerpt":{"rendered":"<p>Al presidente Mohammed ben Sulayem le bastaron 24 horas en el pa\u00eds para confirmar que&#8230;<\/p>\n","protected":false},"author":1,"featured_media":0,"comment_status":"open","ping_status":"open","sticky":false,"template":"","format":"standard","meta":{"footnotes":"","_members_access_role":[],"_members_access_error":""},"categories":[6],"tags":[],"class_list":["post-71258","post","type-post","status-publish","format-standard","has-post-thumbnail","hentry","category-deportes"],"_links":{"self":[{"href":"https:\/\/masquenoticiastucuman.com.ar\/index.php?rest_route=\/wp\/v2\/posts\/71258","targetHints":{"allow":["GET"]}}],"collection":[{"href":"https:\/\/masquenoticiastucuman.com.ar\/index.php?rest_route=\/wp\/v2\/posts"}],"about":[{"href":"https:\/\/masquenoticiastucuman.com.ar\/index.php?rest_route=\/wp\/v2\/types\/post"}],"author":[{"embeddable":true,"href":"https:\/\/masquenoticiastucuman.com.ar\/index.php?rest_route=\/wp\/v2\/users\/1"}],"replies":[{"embeddable":true,"href":"https:\/\/masquenoticiastucuman.com.ar\/index.php?rest_route=%2Fwp%2Fv2%2Fcomments&post=71258"}],"version-history":[{"count":0,"href":"https:\/\/masquenoticiastucuman.com.ar\/index.php?rest_route=\/wp\/v2\/posts\/71258\/revisions"}],"wp:attachment":[{"href":"https:\/\/masquenoticiastucuman.com.ar\/index.php?rest_route=%2Fwp%2Fv2%2Fmedia&parent=71258"}],"wp:term":[{"taxonomy":"category","embeddable":true,"href":"https:\/\/masquenoticiastucuman.com.ar\/index.php?rest_route=%2Fwp%2Fv2%2Fcategories&post=71258"},{"taxonomy":"post_tag","embeddable":true,"href":"https:\/\/masquenoticiastucuman.com.ar\/index.php?rest_route=%2Fwp%2Fv2%2Ftags&post=71258"}],"curies":[{"name":"wp","href":"https:\/\/api.w.org\/{rel}","templated":true}]}}