{"id":71259,"date":"2026-09-02T01:01:45","date_gmt":"2026-09-02T04:01:45","guid":{"rendered":"http:\/\/masquenoticiastucuman.com.ar\/?p=71259"},"modified":"2026-09-02T01:01:45","modified_gmt":"2026-09-02T04:01:45","slug":"salario-minimo-vital-y-movil-el-gobierno-definio-los-nuevos-montos-desde-septiembre-de-2026","status":"publish","type":"post","link":"https:\/\/masquenoticiastucuman.com.ar\/?p=71259","title":{"rendered":"Salario M\u00ednimo, Vital y M\u00f3vil: el Gobierno defini\u00f3 los nuevos montos desde septiembre de 2026"},"content":{"rendered":"<ul>\n<li>La decisi\u00f3n se tom\u00f3 despu\u00e9s de que sindicatos y empresarios no lograran alcanzar un acuerdo durante la reuni\u00f3n del Consejo del Salario.  <\/li>\n<li>La nueva escala fija aumentos mensuales hasta abril de 2027 y ratifica la f\u00f3rmula utilizada para calcular la prestaci\u00f3n por desempleo.<\/li>\n<\/ul>\n<p>\u200bLa decisi\u00f3n se tom\u00f3 despu\u00e9s de que sindicatos y empresarios no lograran alcanzar un acuerdo durante la reuni\u00f3n del Consejo del Salario.  La nueva escala fija aumentos mensuales hasta abril de 2027 y ratifica la f\u00f3rmula utilizada para calcular la prestaci\u00f3n por desempleo.\u00a0<a href=\"https:\/\/www.clarin.com\/economia\/salario-minimo-vital-movil-gobierno-definio-nuevos-montos-septiembre-2026_0_8VnSdr8cdK.html\" target=\"_blank\" class=\"feedzy-rss-link-icon\">Read More<\/a><\/p>","protected":false},"excerpt":{"rendered":"<p>La decisi\u00f3n se tom\u00f3 despu\u00e9s de que sindicatos y empresarios no lograran alcanzar un acuerdo&#8230;<\/p>\n","protected":false},"author":1,"featured_media":0,"comment_status":"open","ping_status":"open","sticky":false,"template":"","format":"standard","meta":{"footnotes":"","_members_access_role":[],"_members_access_error":""},"categories":[3],"tags":[],"class_list":["post-71259","post","type-post","status-publish","format-standard","has-post-thumbnail","hentry","category-nacionales"],"_links":{"self":[{"href":"https:\/\/masquenoticiastucuman.com.ar\/index.php?rest_route=\/wp\/v2\/posts\/71259","targetHints":{"allow":["GET"]}}],"collection":[{"href":"https:\/\/masquenoticiastucuman.com.ar\/index.php?rest_route=\/wp\/v2\/posts"}],"about":[{"href":"https:\/\/masquenoticiastucuman.com.ar\/index.php?rest_route=\/wp\/v2\/types\/post"}],"author":[{"embeddable":true,"href":"https:\/\/masquenoticiastucuman.com.ar\/index.php?rest_route=\/wp\/v2\/users\/1"}],"replies":[{"embeddable":true,"href":"https:\/\/masquenoticiastucuman.com.ar\/index.php?rest_route=%2Fwp%2Fv2%2Fcomments&post=71259"}],"version-history":[{"count":0,"href":"https:\/\/masquenoticiastucuman.com.ar\/index.php?rest_route=\/wp\/v2\/posts\/71259\/revisions"}],"wp:attachment":[{"href":"https:\/\/masquenoticiastucuman.com.ar\/index.php?rest_route=%2Fwp%2Fv2%2Fmedia&parent=71259"}],"wp:term":[{"taxonomy":"category","embeddable":true,"href":"https:\/\/masquenoticiastucuman.com.ar\/index.php?rest_route=%2Fwp%2Fv2%2Fcategories&post=71259"},{"taxonomy":"post_tag","embeddable":true,"href":"https:\/\/masquenoticiastucuman.com.ar\/index.php?rest_route=%2Fwp%2Fv2%2Ftags&post=71259"}],"curies":[{"name":"wp","href":"https:\/\/api.w.org\/{rel}","templated":true}]}}