{"id":71260,"date":"2026-09-02T02:29:33","date_gmt":"2026-09-02T05:29:33","guid":{"rendered":"http:\/\/masquenoticiastucuman.com.ar\/?p=71260"},"modified":"2026-09-02T02:29:33","modified_gmt":"2026-09-02T05:29:33","slug":"escandalo-en-el-futbol-de-uruguay-entraron-a-la-cancha-encapuchados-y-agredieron-a-jugadores-de-su-equipo","status":"publish","type":"post","link":"https:\/\/masquenoticiastucuman.com.ar\/?p=71260","title":{"rendered":"Esc\u00e1ndalo en el f\u00fatbol de Uruguay: entraron a la cancha encapuchados y agredieron a jugadores de su equipo"},"content":{"rendered":"<ul>\n<li>Enojados por el presente del equipo, barras de Danubio invadieron el campo de juego cuando su equipo perd\u00eda por 2-0 como visitante ante Montevideo City Torque. <\/li>\n<li>El \u00e1rbitro dio por finalizado el encuentro v\u00e1lido por la Copa Uruguay, al que solo le restaban unos segundos por disputarse.<\/li>\n<\/ul>\n<p>\u200bEnojados por el presente del equipo, barras de Danubio invadieron el campo de juego cuando su equipo perd\u00eda por 2-0 como visitante ante Montevideo City Torque. El \u00e1rbitro dio por finalizado el encuentro v\u00e1lido por la Copa Uruguay, al que solo le restaban unos segundos por disputarse.\u00a0<a href=\"https:\/\/www.clarin.com\/deportes\/escandalo-futbol-uruguay-entraron-cancha-encapuchados-agredieron-jugadores-equipo_0_g3DfrIxZzB.html\" target=\"_blank\" class=\"feedzy-rss-link-icon\">Read More<\/a><\/p>","protected":false},"excerpt":{"rendered":"<p>Enojados por el presente del equipo, barras de Danubio invadieron el campo de juego cuando&#8230;<\/p>\n","protected":false},"author":1,"featured_media":0,"comment_status":"open","ping_status":"open","sticky":false,"template":"","format":"standard","meta":{"footnotes":"","_members_access_role":[],"_members_access_error":""},"categories":[6],"tags":[],"class_list":["post-71260","post","type-post","status-publish","format-standard","has-post-thumbnail","hentry","category-deportes"],"_links":{"self":[{"href":"https:\/\/masquenoticiastucuman.com.ar\/index.php?rest_route=\/wp\/v2\/posts\/71260","targetHints":{"allow":["GET"]}}],"collection":[{"href":"https:\/\/masquenoticiastucuman.com.ar\/index.php?rest_route=\/wp\/v2\/posts"}],"about":[{"href":"https:\/\/masquenoticiastucuman.com.ar\/index.php?rest_route=\/wp\/v2\/types\/post"}],"author":[{"embeddable":true,"href":"https:\/\/masquenoticiastucuman.com.ar\/index.php?rest_route=\/wp\/v2\/users\/1"}],"replies":[{"embeddable":true,"href":"https:\/\/masquenoticiastucuman.com.ar\/index.php?rest_route=%2Fwp%2Fv2%2Fcomments&post=71260"}],"version-history":[{"count":0,"href":"https:\/\/masquenoticiastucuman.com.ar\/index.php?rest_route=\/wp\/v2\/posts\/71260\/revisions"}],"wp:attachment":[{"href":"https:\/\/masquenoticiastucuman.com.ar\/index.php?rest_route=%2Fwp%2Fv2%2Fmedia&parent=71260"}],"wp:term":[{"taxonomy":"category","embeddable":true,"href":"https:\/\/masquenoticiastucuman.com.ar\/index.php?rest_route=%2Fwp%2Fv2%2Fcategories&post=71260"},{"taxonomy":"post_tag","embeddable":true,"href":"https:\/\/masquenoticiastucuman.com.ar\/index.php?rest_route=%2Fwp%2Fv2%2Ftags&post=71260"}],"curies":[{"name":"wp","href":"https:\/\/api.w.org\/{rel}","templated":true}]}}