{"id":71262,"date":"2026-09-02T06:01:32","date_gmt":"2026-09-02T09:01:32","guid":{"rendered":"http:\/\/masquenoticiastucuman.com.ar\/?p=71262"},"modified":"2026-09-02T06:01:32","modified_gmt":"2026-09-02T09:01:32","slug":"el-destino-de-brasil-que-exploto-entre-los-argentinos-en-apenas-un-ano-crecio-hasta-256","status":"publish","type":"post","link":"https:\/\/masquenoticiastucuman.com.ar\/?p=71262","title":{"rendered":"El destino de Brasil que explot\u00f3 entre los argentinos: en apenas un a\u00f1o creci\u00f3 hasta 256%"},"content":{"rendered":"<ul>\n<li>M\u00e1s de un mill\u00f3n de argentinos viajaron en avi\u00f3n al pa\u00eds vecino entre enero y julio.<\/li>\n<li>Mientras los destinos cl\u00e1sicos siguen firmes, hay una regi\u00f3n que marca tendencia, con aumentos sorprendentes.<\/li>\n<\/ul>\n<p>\u200bM\u00e1s de un mill\u00f3n de argentinos viajaron en avi\u00f3n al pa\u00eds vecino entre enero y julio.Mientras los destinos cl\u00e1sicos siguen firmes, hay una regi\u00f3n que marca tendencia, con aumentos sorprendentes.\u00a0<a href=\"https:\/\/www.clarin.com\/viajes\/destino-brasil-exploto-argentinos-apenas-ano-crecio-256_0_GMto9OqO6U.html\" target=\"_blank\" class=\"feedzy-rss-link-icon\">Read More<\/a><\/p>","protected":false},"excerpt":{"rendered":"<p>M\u00e1s de un mill\u00f3n de argentinos viajaron en avi\u00f3n al pa\u00eds vecino entre enero y&#8230;<\/p>\n","protected":false},"author":1,"featured_media":0,"comment_status":"open","ping_status":"open","sticky":false,"template":"","format":"standard","meta":{"footnotes":"","_members_access_role":[],"_members_access_error":""},"categories":[7],"tags":[],"class_list":["post-71262","post","type-post","status-publish","format-standard","has-post-thumbnail","hentry","category-turismo"],"_links":{"self":[{"href":"https:\/\/masquenoticiastucuman.com.ar\/index.php?rest_route=\/wp\/v2\/posts\/71262","targetHints":{"allow":["GET"]}}],"collection":[{"href":"https:\/\/masquenoticiastucuman.com.ar\/index.php?rest_route=\/wp\/v2\/posts"}],"about":[{"href":"https:\/\/masquenoticiastucuman.com.ar\/index.php?rest_route=\/wp\/v2\/types\/post"}],"author":[{"embeddable":true,"href":"https:\/\/masquenoticiastucuman.com.ar\/index.php?rest_route=\/wp\/v2\/users\/1"}],"replies":[{"embeddable":true,"href":"https:\/\/masquenoticiastucuman.com.ar\/index.php?rest_route=%2Fwp%2Fv2%2Fcomments&post=71262"}],"version-history":[{"count":0,"href":"https:\/\/masquenoticiastucuman.com.ar\/index.php?rest_route=\/wp\/v2\/posts\/71262\/revisions"}],"wp:attachment":[{"href":"https:\/\/masquenoticiastucuman.com.ar\/index.php?rest_route=%2Fwp%2Fv2%2Fmedia&parent=71262"}],"wp:term":[{"taxonomy":"category","embeddable":true,"href":"https:\/\/masquenoticiastucuman.com.ar\/index.php?rest_route=%2Fwp%2Fv2%2Fcategories&post=71262"},{"taxonomy":"post_tag","embeddable":true,"href":"https:\/\/masquenoticiastucuman.com.ar\/index.php?rest_route=%2Fwp%2Fv2%2Ftags&post=71262"}],"curies":[{"name":"wp","href":"https:\/\/api.w.org\/{rel}","templated":true}]}}