{"id":71263,"date":"2026-09-02T08:22:19","date_gmt":"2026-09-02T11:22:19","guid":{"rendered":"https:\/\/masquenoticiastucuman.com.ar\/?p=71263"},"modified":"2026-09-02T08:22:20","modified_gmt":"2026-09-02T11:22:20","slug":"accidente-en-la-ruta-157-un-camion-y-un-colectivo-chocaron-en-las-talas","status":"publish","type":"post","link":"https:\/\/masquenoticiastucuman.com.ar\/?p=71263","title":{"rendered":"Accidente en la Ruta 157: Un cami\u00f3n y un colectivo chocaron en Las Talas"},"content":{"rendered":"\n<p class=\"wp-block-paragraph\">Un choque entre un veh\u00edculo de transporte p\u00fablico y un cami\u00f3n de gran porte se registr\u00f3 durante las \u00faltimas horas sobre el trazado de la Ruta Nacional 157<\/p>\n\n\n\n<p class=\"wp-block-paragraph\">El comisario Carlos Ruiz, jefe de la Unidad Regional Este, dialog\u00f3 con el equipo de Arriba Tucum\u00e1n y brind\u00f3 detalles sobre el accidente ocurrido ayer en Las Talas, sobre la Ruta Nacional 157, donde un cami\u00f3n y un colectivo protagonizaron un siniestro vial.<\/p>\n\n\n\n<p class=\"wp-block-paragraph\">Como consecuencia del impacto, varias personas que viajaban en el colectivo sufrieron lesiones leves y fueron trasladadas al Hospital de Bella Vista para recibir atenci\u00f3n m\u00e9dica. Seg\u00fan inform\u00f3 Ruiz, ninguno de los heridos revest\u00eda gravedad.<\/p>\n\n\n\n<p class=\"wp-block-paragraph\">En el lugar trabaj\u00f3 personal de la comisar\u00eda jurisdiccional de Bella Vista, junto con efectivos de la Polic\u00eda Motorizada, Tr\u00e1nsito y otras \u00e1reas intervinientes.<\/p>\n\n\n\n<p class=\"wp-block-paragraph\">El comisario explic\u00f3 que se realizaron las tareas correspondientes para preservar la zona y permitir la intervenci\u00f3n de Criminal\u00edstica, que tendr\u00e1 a su cargo la elaboraci\u00f3n de la carpeta accidentol\u00f3gica. Adem\u00e1s, se dio intervenci\u00f3n a la Fiscal\u00eda para avanzar con la investigaci\u00f3n.<\/p>\n\n\n\n<p class=\"wp-block-paragraph\">Respecto de los veh\u00edculos involucrados, Ruiz se\u00f1al\u00f3 que se trata de un cami\u00f3n de transporte de carga, con chasis y acoplado, y un colectivo. Ambos circulaban en sentidos opuestos, aunque las circunstancias exactas en las que se produjo el choque todav\u00eda son materia de investigaci\u00f3n.<\/p>\n\n\n\n<p class=\"wp-block-paragraph\">Las pericias de Criminal\u00edstica y los testimonios de los testigos ser\u00e1n fundamentales para determinar c\u00f3mo ocurri\u00f3 el accidente y cu\u00e1les fueron sus causas.<\/p>\n\n\n\n<p class=\"wp-block-paragraph\">Finalmente, Ruiz recomend\u00f3 a los conductores circular con precauci\u00f3n, especialmente debido a la presencia de una curva cerrada en ese tramo de la ruta. Las tareas en el lugar ya fueron finalizadas y el tr\u00e1nsito puede circular con normalidad.<\/p>\n","protected":false},"excerpt":{"rendered":"<p>Un choque entre un veh\u00edculo de transporte p\u00fablico y un cami\u00f3n de gran porte se&#8230;<\/p>\n","protected":false},"author":2,"featured_media":71264,"comment_status":"open","ping_status":"open","sticky":false,"template":"","format":"standard","meta":{"footnotes":"","_members_access_role":[],"_members_access_error":""},"categories":[2],"tags":[],"class_list":["post-71263","post","type-post","status-publish","format-standard","has-post-thumbnail","hentry","category-locales"],"_links":{"self":[{"href":"https:\/\/masquenoticiastucuman.com.ar\/index.php?rest_route=\/wp\/v2\/posts\/71263","targetHints":{"allow":["GET"]}}],"collection":[{"href":"https:\/\/masquenoticiastucuman.com.ar\/index.php?rest_route=\/wp\/v2\/posts"}],"about":[{"href":"https:\/\/masquenoticiastucuman.com.ar\/index.php?rest_route=\/wp\/v2\/types\/post"}],"author":[{"embeddable":true,"href":"https:\/\/masquenoticiastucuman.com.ar\/index.php?rest_route=\/wp\/v2\/users\/2"}],"replies":[{"embeddable":true,"href":"https:\/\/masquenoticiastucuman.com.ar\/index.php?rest_route=%2Fwp%2Fv2%2Fcomments&post=71263"}],"version-history":[{"count":1,"href":"https:\/\/masquenoticiastucuman.com.ar\/index.php?rest_route=\/wp\/v2\/posts\/71263\/revisions"}],"predecessor-version":[{"id":71265,"href":"https:\/\/masquenoticiastucuman.com.ar\/index.php?rest_route=\/wp\/v2\/posts\/71263\/revisions\/71265"}],"wp:featuredmedia":[{"embeddable":true,"href":"https:\/\/masquenoticiastucuman.com.ar\/index.php?rest_route=\/wp\/v2\/media\/71264"}],"wp:attachment":[{"href":"https:\/\/masquenoticiastucuman.com.ar\/index.php?rest_route=%2Fwp%2Fv2%2Fmedia&parent=71263"}],"wp:term":[{"taxonomy":"category","embeddable":true,"href":"https:\/\/masquenoticiastucuman.com.ar\/index.php?rest_route=%2Fwp%2Fv2%2Fcategories&post=71263"},{"taxonomy":"post_tag","embeddable":true,"href":"https:\/\/masquenoticiastucuman.com.ar\/index.php?rest_route=%2Fwp%2Fv2%2Ftags&post=71263"}],"curies":[{"name":"wp","href":"https:\/\/api.w.org\/{rel}","templated":true}]}}