{"id":71266,"date":"2026-09-02T08:25:14","date_gmt":"2026-09-02T11:25:14","guid":{"rendered":"https:\/\/masquenoticiastucuman.com.ar\/?p=71266"},"modified":"2026-09-02T08:25:14","modified_gmt":"2026-09-02T11:25:14","slug":"jaldo-pidio-no-modificar-las-reglas-electorales-durante-el-proceso","status":"publish","type":"post","link":"https:\/\/masquenoticiastucuman.com.ar\/?p=71266","title":{"rendered":"Jaldo pidi\u00f3 no modificar las reglas electorales durante el proceso"},"content":{"rendered":"\n<p class=\"wp-block-paragraph\">El gobernador sostuvo que no est\u00e1 de acuerdo con la eliminaci\u00f3n de las Primarias Abiertas, Simult\u00e1neas y Obligatorias. Adem\u00e1s, destac\u00f3 la importancia del di\u00e1logo institucional con el Gobierno nacional y defendi\u00f3 las gestiones realizadas en beneficio de Tucum\u00e1n.<\/p>\n\n\n\n<p class=\"wp-block-paragraph\">El gobernador&nbsp;<strong>Osvaldo Jaldo<\/strong>&nbsp;se refiri\u00f3 este martes al escenario electoral nacional y reiter\u00f3 su postura contraria a la eliminaci\u00f3n de las Primarias Abiertas, Simult\u00e1neas y Obligatorias (PASO), al tiempo que cuestion\u00f3 cualquier modificaci\u00f3n de las reglas electorales una vez iniciado el proceso.<\/p>\n\n\n\n<p class=\"wp-block-paragraph\">\u201cYo para nada estoy de acuerdo con la eliminaci\u00f3n de las PASO, sino tambi\u00e9n con una modificaci\u00f3n electoral a nivel nacional\u201d, afirm\u00f3 Jaldo.<\/p>\n\n\n\n<p class=\"wp-block-paragraph\">En ese sentido, el mandatario provincial consider\u00f3 que cambiar las reglas electorales \u201csobre la marcha\u201d no resulta conveniente &#8220;no solo para nosotros, sino para todos los espacios pol\u00edticos, que gracias a la democracia vamos a poder participar\u201d, sostuvo.<\/p>\n\n\n\n<p class=\"wp-block-paragraph\">Jaldo se\u00f1al\u00f3 adem\u00e1s que este tema forma parte de las conversaciones que mantiene la Provincia con el Gobierno nacional. \u201cPor eso, este tema tambi\u00e9n lo estamos charlando con la Naci\u00f3n\u201d, indic\u00f3.<\/p>\n\n\n\n<p class=\"wp-block-paragraph\"><strong>\u201cNosotros ponemos la cara\u201d<\/strong><\/p>\n\n\n\n<p class=\"wp-block-paragraph\">Durante sus declaraciones, el gobernador defendi\u00f3 la posici\u00f3n de su administraci\u00f3n frente a las decisiones que impactan sobre Tucum\u00e1n.<\/p>\n\n\n\n<p class=\"wp-block-paragraph\">\u201cNosotros no le esquivamos a ning\u00fan tema, y en todos los temas ponemos la cara\u201d, expres\u00f3. En esa l\u00ednea, sostuvo que la Provincia no adopta posiciones \u00fanicamente por razones ideol\u00f3gicas, sino que eval\u00faa cada decisi\u00f3n de acuerdo con su impacto concreto en los tucumanos.<\/p>\n\n\n\n<p class=\"wp-block-paragraph\">Como ejemplo, mencion\u00f3 las gestiones vinculadas con la bonificaci\u00f3n de la energ\u00eda el\u00e9ctrica durante los meses de mayor consumo. Jaldo explic\u00f3 que este beneficio resulta especialmente importante durante el verano, cuando las altas temperaturas incrementan el uso de equipos de refrigeraci\u00f3n tanto en los hogares como en los comercios.<\/p>\n\n\n\n<p class=\"wp-block-paragraph\">\u201cNosotros no nos andamos escondiendo, nosotros no andamos votando todo en contra por una cuesti\u00f3n ideol\u00f3gica\u201d, afirm\u00f3 el mandatario, quien destac\u00f3 que la Provincia busca defender los intereses de Tucum\u00e1n en cada instancia de di\u00e1logo y negociaci\u00f3n.<\/p>\n\n\n\n<p class=\"wp-block-paragraph\">Jaldo tambi\u00e9n se refiri\u00f3 a la relaci\u00f3n entre las provincias y el Gobierno nacional: \u201cA nivel nacional, eligieron un presidente con el cual los gobernadores s\u00ed o s\u00ed tienen que tener di\u00e1logo\u201d, sostuvo.<\/p>\n\n\n\n<p class=\"wp-block-paragraph\">Para cerrar, explic\u00f3 que muchas de las obras e inversiones que llegan a las provincias se concretan a partir de acuerdos. \u201cSi no hubiese estado el Gobierno de Tucum\u00e1n, esta obra, capaz que esta inversi\u00f3n se la llevaba otra provincia y Tucum\u00e1n una vez m\u00e1s mirando al sudeste\u201d, afirm\u00f3.<\/p>\n","protected":false},"excerpt":{"rendered":"<p>El gobernador sostuvo que no est\u00e1 de acuerdo con la eliminaci\u00f3n de las Primarias Abiertas,&#8230;<\/p>\n","protected":false},"author":2,"featured_media":71267,"comment_status":"open","ping_status":"open","sticky":false,"template":"","format":"standard","meta":{"footnotes":"","_members_access_role":[],"_members_access_error":""},"categories":[2],"tags":[],"class_list":["post-71266","post","type-post","status-publish","format-standard","has-post-thumbnail","hentry","category-locales"],"_links":{"self":[{"href":"https:\/\/masquenoticiastucuman.com.ar\/index.php?rest_route=\/wp\/v2\/posts\/71266","targetHints":{"allow":["GET"]}}],"collection":[{"href":"https:\/\/masquenoticiastucuman.com.ar\/index.php?rest_route=\/wp\/v2\/posts"}],"about":[{"href":"https:\/\/masquenoticiastucuman.com.ar\/index.php?rest_route=\/wp\/v2\/types\/post"}],"author":[{"embeddable":true,"href":"https:\/\/masquenoticiastucuman.com.ar\/index.php?rest_route=\/wp\/v2\/users\/2"}],"replies":[{"embeddable":true,"href":"https:\/\/masquenoticiastucuman.com.ar\/index.php?rest_route=%2Fwp%2Fv2%2Fcomments&post=71266"}],"version-history":[{"count":1,"href":"https:\/\/masquenoticiastucuman.com.ar\/index.php?rest_route=\/wp\/v2\/posts\/71266\/revisions"}],"predecessor-version":[{"id":71268,"href":"https:\/\/masquenoticiastucuman.com.ar\/index.php?rest_route=\/wp\/v2\/posts\/71266\/revisions\/71268"}],"wp:featuredmedia":[{"embeddable":true,"href":"https:\/\/masquenoticiastucuman.com.ar\/index.php?rest_route=\/wp\/v2\/media\/71267"}],"wp:attachment":[{"href":"https:\/\/masquenoticiastucuman.com.ar\/index.php?rest_route=%2Fwp%2Fv2%2Fmedia&parent=71266"}],"wp:term":[{"taxonomy":"category","embeddable":true,"href":"https:\/\/masquenoticiastucuman.com.ar\/index.php?rest_route=%2Fwp%2Fv2%2Fcategories&post=71266"},{"taxonomy":"post_tag","embeddable":true,"href":"https:\/\/masquenoticiastucuman.com.ar\/index.php?rest_route=%2Fwp%2Fv2%2Ftags&post=71266"}],"curies":[{"name":"wp","href":"https:\/\/api.w.org\/{rel}","templated":true}]}}