{"id":71273,"date":"2026-09-02T06:01:35","date_gmt":"2026-09-02T09:01:35","guid":{"rendered":"http:\/\/masquenoticiastucuman.com.ar\/?p=71273"},"modified":"2026-09-02T06:01:35","modified_gmt":"2026-09-02T09:01:35","slug":"la-scaloneta-vale-una-fortuna-el-increible-numero-que-suman-las-transferencias-de-los-subcampeones-del-mundo","status":"publish","type":"post","link":"https:\/\/masquenoticiastucuman.com.ar\/?p=71273","title":{"rendered":"La Scaloneta vale una fortuna: el incre\u00edble n\u00famero que suman las transferencias de los subcampeones del mundo"},"content":{"rendered":"<ul>\n<li>Si bien Juli\u00e1n Alvarez se qued\u00f3 en el Atl\u00e9tico de Madrid, Enzo Fern\u00e1ndez hizo saltar la banca.<\/li>\n<li>Un repaso por el mercado de la Selecci\u00f3n Argentina.<\/li>\n<\/ul>\n<p>\u200bSi bien Juli\u00e1n Alvarez se qued\u00f3 en el Atl\u00e9tico de Madrid, Enzo Fern\u00e1ndez hizo saltar la banca.Un repaso por el mercado de la Selecci\u00f3n Argentina.\u00a0<a href=\"https:\/\/www.clarin.com\/deportes\/scaloneta-vale-fortuna-increible-numero-suman-transferencias-subcampeones-mundo_0_J2TQ1r6pim.html\" target=\"_blank\" class=\"feedzy-rss-link-icon\">Read More<\/a><\/p>","protected":false},"excerpt":{"rendered":"<p>Si bien Juli\u00e1n Alvarez se qued\u00f3 en el Atl\u00e9tico de Madrid, Enzo Fern\u00e1ndez hizo saltar&#8230;<\/p>\n","protected":false},"author":1,"featured_media":0,"comment_status":"open","ping_status":"open","sticky":false,"template":"","format":"standard","meta":{"footnotes":"","_members_access_role":[],"_members_access_error":""},"categories":[6],"tags":[],"class_list":["post-71273","post","type-post","status-publish","format-standard","has-post-thumbnail","hentry","category-deportes"],"_links":{"self":[{"href":"https:\/\/masquenoticiastucuman.com.ar\/index.php?rest_route=\/wp\/v2\/posts\/71273","targetHints":{"allow":["GET"]}}],"collection":[{"href":"https:\/\/masquenoticiastucuman.com.ar\/index.php?rest_route=\/wp\/v2\/posts"}],"about":[{"href":"https:\/\/masquenoticiastucuman.com.ar\/index.php?rest_route=\/wp\/v2\/types\/post"}],"author":[{"embeddable":true,"href":"https:\/\/masquenoticiastucuman.com.ar\/index.php?rest_route=\/wp\/v2\/users\/1"}],"replies":[{"embeddable":true,"href":"https:\/\/masquenoticiastucuman.com.ar\/index.php?rest_route=%2Fwp%2Fv2%2Fcomments&post=71273"}],"version-history":[{"count":0,"href":"https:\/\/masquenoticiastucuman.com.ar\/index.php?rest_route=\/wp\/v2\/posts\/71273\/revisions"}],"wp:attachment":[{"href":"https:\/\/masquenoticiastucuman.com.ar\/index.php?rest_route=%2Fwp%2Fv2%2Fmedia&parent=71273"}],"wp:term":[{"taxonomy":"category","embeddable":true,"href":"https:\/\/masquenoticiastucuman.com.ar\/index.php?rest_route=%2Fwp%2Fv2%2Fcategories&post=71273"},{"taxonomy":"post_tag","embeddable":true,"href":"https:\/\/masquenoticiastucuman.com.ar\/index.php?rest_route=%2Fwp%2Fv2%2Ftags&post=71273"}],"curies":[{"name":"wp","href":"https:\/\/api.w.org\/{rel}","templated":true}]}}