{"id":71274,"date":"2026-09-02T09:53:22","date_gmt":"2026-09-02T12:53:22","guid":{"rendered":"https:\/\/masquenoticiastucuman.com.ar\/?p=71274"},"modified":"2026-09-02T09:53:22","modified_gmt":"2026-09-02T12:53:22","slug":"jaldo-inauguro-la-ampliacion-del-cementerio-municipal-de-aguilares","status":"publish","type":"post","link":"https:\/\/masquenoticiastucuman.com.ar\/?p=71274","title":{"rendered":"Jaldo inaugur\u00f3 la ampliaci\u00f3n del Cementerio Municipal de Aguilares"},"content":{"rendered":"\n<p class=\"wp-block-paragraph\">La obra corresponde a la primera etapa de ampliaci\u00f3n del predio y suma unos 12.000 metros cuadrados.<\/p>\n\n\n\n<p class=\"wp-block-paragraph\">El gobernador&nbsp;<strong>Osvaldo Jaldo<\/strong>&nbsp;inaugur\u00f3, este martes, la primera etapa de ampliaci\u00f3n del Cementerio Municipal de Aguilares. La obra incorpora aproximadamente 12.000 metros cuadrados y permitir\u00e1 ampliar la capacidad del cementerio con un sector de tipo jard\u00edn.<\/p>\n\n\n\n<p class=\"wp-block-paragraph\">El primer madnatario estuvo acompa\u00f1ado por el vicegobernador&nbsp;<strong>Miguel Acevedo;<\/strong>&nbsp;el presidente subrogante de la Legislatura, Sergio Mansilla; ministro del Interior,<strong>&nbsp;Dar\u00edo Monteros<\/strong>; los intendentes&nbsp;<strong>Gimena Mansilla<\/strong>&nbsp;(Aguilares),<strong>&nbsp;Francisco Caliva&nbsp;<\/strong>(Taf\u00ed del Valle),&nbsp;<strong>Alejandra Rodr\u00edguez<\/strong>&nbsp;(Taf\u00ed Viejo); los diputados<strong>&nbsp;Elia Fern\u00e1ndez, Javier Noguera;<\/strong>&nbsp;los legisladores,&nbsp;<strong>Sara Lazarte, Leopoldo Rodr\u00edguez, Patricia Liz\u00e1rraga, Alejandro Figueroa, Alberto Olea, Edith Comolli, Roque Arga\u00f1araz; el prosecretario de la Legislatura, Alejandro Martinez.&nbsp;<\/strong>Concejales, comisionados comunales.<strong><\/strong><\/p>\n\n\n\n<p class=\"wp-block-paragraph\">Durante el acto, Jaldo destac\u00f3 las obras de infraestructura que se ejecutan en la ciudad y valor\u00f3 el trabajo conjunto con el municipio. \u201cCada vez que venimos a Aguilares vemos obras de infraestructura muy importantes. Tienen que ver con pavimento, hormig\u00f3n de calles, alumbrado p\u00fablico, desag\u00fces revestidos y trabajos de canalizaci\u00f3n para evitar y atenuar los efectos de las lluvias y las inundaciones\u201d.<\/p>\n\n\n\n<figure class=\"wp-block-image size-large\"><img loading=\"lazy\" decoding=\"async\" width=\"1024\" height=\"683\" src=\"https:\/\/masquenoticiastucuman.com.ar\/wp-content\/uploads\/2026\/09\/260901211131_10652-1024x683.jpeg\" alt=\"\" class=\"wp-image-71275\" srcset=\"https:\/\/masquenoticiastucuman.com.ar\/wp-content\/uploads\/2026\/09\/260901211131_10652-1024x683.jpeg 1024w, https:\/\/masquenoticiastucuman.com.ar\/wp-content\/uploads\/2026\/09\/260901211131_10652-300x200.jpeg 300w, https:\/\/masquenoticiastucuman.com.ar\/wp-content\/uploads\/2026\/09\/260901211131_10652-768x512.jpeg 768w, https:\/\/masquenoticiastucuman.com.ar\/wp-content\/uploads\/2026\/09\/260901211131_10652-1023x682.jpeg 1023w, https:\/\/masquenoticiastucuman.com.ar\/wp-content\/uploads\/2026\/09\/260901211131_10652.jpeg 1032w\" sizes=\"auto, (max-width: 1024px) 100vw, 1024px\" \/><\/figure>\n\n\n\n<p class=\"wp-block-paragraph\"><strong>M\u00e1s capacidad para el cementerio<\/strong><\/p>\n\n\n\n<p class=\"wp-block-paragraph\">La ampliaci\u00f3n incorpora aproximadamente 12.000 metros cuadrados al predio y permitir\u00e1 sumar alrededor de 12.000 tumbas, distribuidas bajo la modalidad de cementerio tipo jard\u00edn.<\/p>\n\n\n\n<p class=\"wp-block-paragraph\">El nuevo sector cuenta con administraci\u00f3n, sanitarios, calle interna de hormig\u00f3n con acceso y egreso, iluminaci\u00f3n, cerramiento perimetral, parquizaci\u00f3n y arbolado.<\/p>\n\n\n\n<p class=\"wp-block-paragraph\">Tambi\u00e9n posee una gruta en honor al Sagrado Coraz\u00f3n de Jes\u00fas y una Cruz Mayor.<\/p>\n\n\n\n<p class=\"wp-block-paragraph\">Para concretar la obra se realizaron trabajos de relleno, nivelaci\u00f3n, compactaci\u00f3n y acondicionamiento general del terreno.<\/p>\n\n\n\n<p class=\"wp-block-paragraph\">Al referirse a la obra, Jaldo destac\u00f3 la necesidad de ampliar la capacidad del cementerio municipal. \u201cHoy, oficialmente, dejamos inaugurado un cementerio. \u00bfQu\u00e9 gobernante, por ah\u00ed, se pone a pensar que hay que ampliar un cementerio o hacer una inversi\u00f3n importante como la que hoy se est\u00e1 haciendo en Aguilares?\u201d<\/p>\n\n\n\n<p class=\"wp-block-paragraph\">El gobernador se\u00f1al\u00f3 que la obra permitir\u00e1 pr\u00e1cticamente duplicar la capacidad del predio. \u201cCon esto pr\u00e1cticamente se ha duplicado la capacidad del cementerio de Aguilares. Se hizo con las mejores estructuras y con la mejor infraestructura\u201d.<\/p>\n\n\n\n<p class=\"wp-block-paragraph\">Jaldo tambi\u00e9n remarc\u00f3 que la ampliaci\u00f3n permitir\u00e1 resolver una necesidad que enfrentaban las familias de la ciudad. \u201cMuchos vecinos de Aguilares, cuando lamentablemente pierden a un ser querido, ten\u00edan el problema de d\u00f3nde depositarlo o d\u00f3nde dejarlo para que pudiera descansar en paz. Bueno, ese problema ya no lo van a tener\u201d, sostuvo.<\/p>\n\n\n\n<p class=\"wp-block-paragraph\"><strong>Universidad y deportes<\/strong><\/p>\n\n\n\n<p class=\"wp-block-paragraph\">El gobernador tambi\u00e9n valor\u00f3 la llegada de la Universidad Nacional de Tucum\u00e1n a Aguilares y destac\u00f3 la posibilidad de que j\u00f3venes de la ciudad accedan a estudios universitarios sin trasladarse a la capital provincial.<\/p>\n\n\n\n<p class=\"wp-block-paragraph\">\u201cTambi\u00e9n Gimena, con un gran trabajo y pensando no solo en el presente, sino tambi\u00e9n en el futuro, ha tra\u00eddo la Universidad Nacional de Tucum\u00e1n a Aguilares. Los chicos que nacen, crecen, hacen la primaria y la secundaria en esta ciudad tienen ahora la posibilidad de acceder a una formaci\u00f3n universitaria\u201d, afirm\u00f3.<\/p>\n\n\n\n<p class=\"wp-block-paragraph\">En ese sentido, Jaldo destac\u00f3 las pol\u00edticas deportivas impulsadas desde el municipio y vincul\u00f3 esas acciones con la prevenci\u00f3n del consumo de sustancias entre los j\u00f3venes. \u201cYo creo que para contrarrestar y evitar todo eso hay que practicar deporte, tener a los chicos cerca, tenerlos a la vista y practicando una disciplina. Cuerpo sano, mente sana. A esto le est\u00e1 apuntando una intendenta joven como Jimena, con esa nueva mentalidad\u201d, sostuvo..<\/p>\n\n\n\n<p class=\"wp-block-paragraph\">Acevedo, a su vez, expres\u00f3 que la obra de ampliaci\u00f3n del cementerio municipal \u201cpara el interior es muy importante y es significativa\u201d.&nbsp;<\/p>\n\n\n\n<p class=\"wp-block-paragraph\">En ese sentido, destac\u00f3 el valor que tienen estos espacios para las familias del interior tucumano y se\u00f1al\u00f3: \u201cNosotros estamos habituados a hablar de obra p\u00fablica en materia de pavimento, de iluminaci\u00f3n, de trabajos h\u00eddricos, pero en nuestro interior donde la familia todav\u00eda tiene un valor muy importante, contar con un espacio donde sean enterrados sus seres queridos, donde poder visitarlos y tenerlos siempre a mano para brindar una oraci\u00f3n, para sentarse a verse con cosas que a veces en otras ciudades no se imaginan, la gente a venir a tomar un mate, a compartir en familia. Para nosotros en nuestro interior esta obra es muy importante y significativa\u201d.<\/p>\n\n\n\n<p class=\"wp-block-paragraph\">Acevedo tambi\u00e9n valor\u00f3 las pol\u00edticas impulsadas por la Municipalidad de Aguilares en materia de infraestructura, deporte, cultura y educaci\u00f3n. Al respecto, sostuvo que \u201cadem\u00e1s de apoyar el deporte de la manera que lo hace y traer ac\u00e1 eventos nacionales e internacionales, adem\u00e1s de apoyar la cultura y la educaci\u00f3n\u201d, la gesti\u00f3n municipal tambi\u00e9n avanz\u00f3 en convenios con la Universidad Nacional de Tucum\u00e1n para ampliar su presencia en los municipios.<\/p>\n\n\n\n<p class=\"wp-block-paragraph\">\u201cEn eso hay un trabajo importante del Gobernador, del Ministro del Interior para que en nuestras jurisdicciones tengamos todo este apoyo. As\u00ed que si adem\u00e1s de todo esto tenemos este tipo de obra, c\u00f3mo no venir, c\u00f3mo no estar contentos y c\u00f3mo no felicitar a la Jimena Mansilla, que es la intendenta de Aguilares, por esta excelente gesti\u00f3n que est\u00e1 haciendo\u201d, afirm\u00f3.<\/p>\n\n\n\n<p class=\"wp-block-paragraph\">Por su parte, Monteros, destac\u00f3 que \u201cesta no es una obra m\u00e1s, porque si hacemos reflexi\u00f3n de lo que significa esto, se est\u00e1 dando soluci\u00f3n desde un punto de vista de una justicia social\u201d, manifest\u00f3.<\/p>\n\n\n\n<p class=\"wp-block-paragraph\">Explic\u00f3 que la ampliaci\u00f3n permitir\u00e1 atender la demanda de las familias de Aguilares y precis\u00f3 que \u201choy en Cementerio Parque para 3.000 deudos, de esos 3.000 deudos que van a tener la capacidad para 4 deudos m\u00e1s, y despu\u00e9s la ampliaci\u00f3n segunda va a ser para aquellas familias que quieran tener monumentos\u201d. En ese sentido, consider\u00f3 que se trata de \u201cuna obra de gran envergadura, de un gran sentido social\u201d y felicit\u00f3 a la intendenta Mansilla \u201cpor haber pensado y seguir pensando en su gente, en sus vecinos y en sus familiares de Aguilares\u201d.<\/p>\n\n\n\n<p class=\"wp-block-paragraph\">En tanto, la intendenta de Aguilares, Gimena Mansilla, sostuvo que se trat\u00f3 de \u201cuna obra muy significativa para todos los que somos de esta ciudad\u201d y explic\u00f3 que surgi\u00f3 a partir de una necesidad que se present\u00f3 durante la gesti\u00f3n. \u201cUna obra que fue surgiendo en la marcha de la gesti\u00f3n, no la ten\u00edamos prevista, como muchas necesidades que van surgiendo. Un nuevo cementerio, ya que en el anterior nos hab\u00edamos quedado sin espacio para dejar los restos de nuestros seres queridos\u201d, se\u00f1al\u00f3.<\/p>\n\n\n\n<p class=\"wp-block-paragraph\">La jefa municipal agradeci\u00f3 el acompa\u00f1amiento del gobernador, el vicegobernador, el ministro del Interior y las autoridades legislativas durante la inauguraci\u00f3n y afirm\u00f3 que la gesti\u00f3n continuar\u00e1 con la ejecuci\u00f3n de obras de infraestructura. \u201cVenimos con muchos eventos deportivos, culturales, pero al mismo tiempo seguimos con la gesti\u00f3n e inaugurando obras de infraestructura como en este caso el cementerio municipal\u201d, sostuvo.<\/p>\n\n\n\n<p class=\"wp-block-paragraph\">Mansilla tambi\u00e9n anticip\u00f3 que \u201cpronto vamos a estar inaugurando tambi\u00e9n el auditorio municipal antes de fin de a\u00f1o, que es otra de las obras m\u00e1s importantes que tenemos\u201d. Finalmente, afirm\u00f3: \u201cContenta de pertenecer a esta gesti\u00f3n, contenta de pertenecer a un espacio pol\u00edtico donde demuestra con hechos que el Estado tiene que estar presente, que el Estado acompa\u00f1a y sobre todo que el Estado contiene, ya sea a trav\u00e9s del deporte, de la salud, de la educaci\u00f3n, a nuestros j\u00f3venes, ni\u00f1os y adultos mayores que tanto lo necesitan hoy en d\u00eda\u201d.<\/p>\n\n\n\n<p class=\"wp-block-paragraph\"><strong>Entrega a Defensa Civil<\/strong><\/p>\n\n\n\n<p class=\"wp-block-paragraph\">En el marco de la jornada tambi\u00e9n se realiz\u00f3 la bendici\u00f3n y entregaron dos motocicletas destinadas a Defensa Civil de Aguilares.<\/p>\n","protected":false},"excerpt":{"rendered":"<p>La obra corresponde a la primera etapa de ampliaci\u00f3n del predio y suma unos 12.000&#8230;<\/p>\n","protected":false},"author":2,"featured_media":71276,"comment_status":"open","ping_status":"open","sticky":false,"template":"","format":"standard","meta":{"footnotes":"","_members_access_role":[],"_members_access_error":""},"categories":[2],"tags":[],"class_list":["post-71274","post","type-post","status-publish","format-standard","has-post-thumbnail","hentry","category-locales"],"_links":{"self":[{"href":"https:\/\/masquenoticiastucuman.com.ar\/index.php?rest_route=\/wp\/v2\/posts\/71274","targetHints":{"allow":["GET"]}}],"collection":[{"href":"https:\/\/masquenoticiastucuman.com.ar\/index.php?rest_route=\/wp\/v2\/posts"}],"about":[{"href":"https:\/\/masquenoticiastucuman.com.ar\/index.php?rest_route=\/wp\/v2\/types\/post"}],"author":[{"embeddable":true,"href":"https:\/\/masquenoticiastucuman.com.ar\/index.php?rest_route=\/wp\/v2\/users\/2"}],"replies":[{"embeddable":true,"href":"https:\/\/masquenoticiastucuman.com.ar\/index.php?rest_route=%2Fwp%2Fv2%2Fcomments&post=71274"}],"version-history":[{"count":1,"href":"https:\/\/masquenoticiastucuman.com.ar\/index.php?rest_route=\/wp\/v2\/posts\/71274\/revisions"}],"predecessor-version":[{"id":71277,"href":"https:\/\/masquenoticiastucuman.com.ar\/index.php?rest_route=\/wp\/v2\/posts\/71274\/revisions\/71277"}],"wp:featuredmedia":[{"embeddable":true,"href":"https:\/\/masquenoticiastucuman.com.ar\/index.php?rest_route=\/wp\/v2\/media\/71276"}],"wp:attachment":[{"href":"https:\/\/masquenoticiastucuman.com.ar\/index.php?rest_route=%2Fwp%2Fv2%2Fmedia&parent=71274"}],"wp:term":[{"taxonomy":"category","embeddable":true,"href":"https:\/\/masquenoticiastucuman.com.ar\/index.php?rest_route=%2Fwp%2Fv2%2Fcategories&post=71274"},{"taxonomy":"post_tag","embeddable":true,"href":"https:\/\/masquenoticiastucuman.com.ar\/index.php?rest_route=%2Fwp%2Fv2%2Ftags&post=71274"}],"curies":[{"name":"wp","href":"https:\/\/api.w.org\/{rel}","templated":true}]}}