{"id":71278,"date":"2026-09-02T10:08:32","date_gmt":"2026-09-02T13:08:32","guid":{"rendered":"https:\/\/masquenoticiastucuman.com.ar\/?p=71278"},"modified":"2026-09-02T10:08:33","modified_gmt":"2026-09-02T13:08:33","slug":"triple-choque-en-la-ruta-308-habria-personas-fallecidas","status":"publish","type":"post","link":"https:\/\/masquenoticiastucuman.com.ar\/?p=71278","title":{"rendered":"Triple choque en la Ruta 308: habr\u00eda personas fallecidas"},"content":{"rendered":"\n<p class=\"wp-block-paragraph\">Un violento siniestro vial se registr\u00f3 en la Ruta Provincial 308, entre Alberdi y Graneros, en el sur de Tucum\u00e1n<\/p>\n\n\n\n<p class=\"wp-block-paragraph\">Por causas que a\u00fan se investigan, un tractor, una combi y una camioneta protagonizaron un triple choque.<\/p>\n\n\n\n<p class=\"wp-block-paragraph\">Tras el impacto, se despleg\u00f3 un importante operativo de emergencia. Bomberos, personal del Servicio 107 y efectivos de la Polic\u00eda trabajan en el lugar.<\/p>\n\n\n\n<p class=\"wp-block-paragraph\">De manera preliminar, se inform\u00f3 que habr\u00eda personas fallecidas, aunque se aguarda la confirmaci\u00f3n oficial de las autoridades.<\/p>\n\n\n\n<p class=\"wp-block-paragraph\">Las circunstancias en las que ocurri\u00f3 el accidente son materia de investigaci\u00f3n.<\/p>\n\n\n\n<p class=\"wp-block-paragraph\">AMPLIAREMOS.<\/p>\n","protected":false},"excerpt":{"rendered":"<p>Un violento siniestro vial se registr\u00f3 en la Ruta Provincial 308, entre Alberdi y Graneros,&#8230;<\/p>\n","protected":false},"author":2,"featured_media":71279,"comment_status":"open","ping_status":"open","sticky":false,"template":"","format":"standard","meta":{"footnotes":"","_members_access_role":[],"_members_access_error":""},"categories":[2],"tags":[],"class_list":["post-71278","post","type-post","status-publish","format-standard","has-post-thumbnail","hentry","category-locales"],"_links":{"self":[{"href":"https:\/\/masquenoticiastucuman.com.ar\/index.php?rest_route=\/wp\/v2\/posts\/71278","targetHints":{"allow":["GET"]}}],"collection":[{"href":"https:\/\/masquenoticiastucuman.com.ar\/index.php?rest_route=\/wp\/v2\/posts"}],"about":[{"href":"https:\/\/masquenoticiastucuman.com.ar\/index.php?rest_route=\/wp\/v2\/types\/post"}],"author":[{"embeddable":true,"href":"https:\/\/masquenoticiastucuman.com.ar\/index.php?rest_route=\/wp\/v2\/users\/2"}],"replies":[{"embeddable":true,"href":"https:\/\/masquenoticiastucuman.com.ar\/index.php?rest_route=%2Fwp%2Fv2%2Fcomments&post=71278"}],"version-history":[{"count":1,"href":"https:\/\/masquenoticiastucuman.com.ar\/index.php?rest_route=\/wp\/v2\/posts\/71278\/revisions"}],"predecessor-version":[{"id":71280,"href":"https:\/\/masquenoticiastucuman.com.ar\/index.php?rest_route=\/wp\/v2\/posts\/71278\/revisions\/71280"}],"wp:featuredmedia":[{"embeddable":true,"href":"https:\/\/masquenoticiastucuman.com.ar\/index.php?rest_route=\/wp\/v2\/media\/71279"}],"wp:attachment":[{"href":"https:\/\/masquenoticiastucuman.com.ar\/index.php?rest_route=%2Fwp%2Fv2%2Fmedia&parent=71278"}],"wp:term":[{"taxonomy":"category","embeddable":true,"href":"https:\/\/masquenoticiastucuman.com.ar\/index.php?rest_route=%2Fwp%2Fv2%2Fcategories&post=71278"},{"taxonomy":"post_tag","embeddable":true,"href":"https:\/\/masquenoticiastucuman.com.ar\/index.php?rest_route=%2Fwp%2Fv2%2Ftags&post=71278"}],"curies":[{"name":"wp","href":"https:\/\/api.w.org\/{rel}","templated":true}]}}