{"id":71281,"date":"2026-09-02T09:38:34","date_gmt":"2026-09-02T12:38:34","guid":{"rendered":"http:\/\/masquenoticiastucuman.com.ar\/?p=71281"},"modified":"2026-09-02T09:38:34","modified_gmt":"2026-09-02T12:38:34","slug":"dura-critica-del-vice-de-la-uia-al-gobierno-de-milei-esta-gente-no-conoce-el-pais-ni-lo-que-es-una-industria","status":"publish","type":"post","link":"https:\/\/masquenoticiastucuman.com.ar\/?p=71281","title":{"rendered":"Dura cr\u00edtica del vice de la UIA al Gobierno de Milei: &#8220;Esta gente no conoce el pa\u00eds ni lo que es una industria&#8221;"},"content":{"rendered":"<ul>\n<li>Guillermo Moretti ironiz\u00f3 sobre los conocimientos financieros del Presidente y destac\u00f3 que &#8220;sus finanzas personales aumentaron en un a\u00f1o un 37% en d\u00f3lares&#8221;.<\/li>\n<li>&#8220;Estamos manejados por un endeudador, un trader que no sabe lo que es un torno&#8221;, apunt\u00f3. <\/li>\n<\/ul>\n<p>\u200bGuillermo Moretti ironiz\u00f3 sobre los conocimientos financieros del Presidente y destac\u00f3 que &#8220;sus finanzas personales aumentaron en un a\u00f1o un 37% en d\u00f3lares&#8221;.&#8221;Estamos manejados por un endeudador, un trader que no sabe lo que es un torno&#8221;, apunt\u00f3.\u00a0<a href=\"https:\/\/www.clarin.com\/economia\/dura-critica-vice-uia-gobierno-milei-gente-conoce-pais-industria_0_ij1F2oUcpZ.html\" target=\"_blank\" class=\"feedzy-rss-link-icon\">Read More<\/a><\/p>","protected":false},"excerpt":{"rendered":"<p>Guillermo Moretti ironiz\u00f3 sobre los conocimientos financieros del Presidente y destac\u00f3 que &#8220;sus finanzas personales&#8230;<\/p>\n","protected":false},"author":1,"featured_media":0,"comment_status":"open","ping_status":"open","sticky":false,"template":"","format":"standard","meta":{"footnotes":"","_members_access_role":[],"_members_access_error":""},"categories":[3],"tags":[],"class_list":["post-71281","post","type-post","status-publish","format-standard","has-post-thumbnail","hentry","category-nacionales"],"_links":{"self":[{"href":"https:\/\/masquenoticiastucuman.com.ar\/index.php?rest_route=\/wp\/v2\/posts\/71281","targetHints":{"allow":["GET"]}}],"collection":[{"href":"https:\/\/masquenoticiastucuman.com.ar\/index.php?rest_route=\/wp\/v2\/posts"}],"about":[{"href":"https:\/\/masquenoticiastucuman.com.ar\/index.php?rest_route=\/wp\/v2\/types\/post"}],"author":[{"embeddable":true,"href":"https:\/\/masquenoticiastucuman.com.ar\/index.php?rest_route=\/wp\/v2\/users\/1"}],"replies":[{"embeddable":true,"href":"https:\/\/masquenoticiastucuman.com.ar\/index.php?rest_route=%2Fwp%2Fv2%2Fcomments&post=71281"}],"version-history":[{"count":0,"href":"https:\/\/masquenoticiastucuman.com.ar\/index.php?rest_route=\/wp\/v2\/posts\/71281\/revisions"}],"wp:attachment":[{"href":"https:\/\/masquenoticiastucuman.com.ar\/index.php?rest_route=%2Fwp%2Fv2%2Fmedia&parent=71281"}],"wp:term":[{"taxonomy":"category","embeddable":true,"href":"https:\/\/masquenoticiastucuman.com.ar\/index.php?rest_route=%2Fwp%2Fv2%2Fcategories&post=71281"},{"taxonomy":"post_tag","embeddable":true,"href":"https:\/\/masquenoticiastucuman.com.ar\/index.php?rest_route=%2Fwp%2Fv2%2Ftags&post=71281"}],"curies":[{"name":"wp","href":"https:\/\/api.w.org\/{rel}","templated":true}]}}