{"id":71282,"date":"2026-09-02T09:02:29","date_gmt":"2026-09-02T12:02:29","guid":{"rendered":"http:\/\/masquenoticiastucuman.com.ar\/?p=71282"},"modified":"2026-09-02T09:02:29","modified_gmt":"2026-09-02T12:02:29","slug":"con-edicion-genica-e-inteligencia-artificial-reducen-de-5-anos-a-4-meses-el-mejoramiento-de-cultivos","status":"publish","type":"post","link":"https:\/\/masquenoticiastucuman.com.ar\/?p=71282","title":{"rendered":"Con edici\u00f3n g\u00e9nica e inteligencia artificial, reducen de 5 a\u00f1os a 4 meses el mejoramiento de cultivos"},"content":{"rendered":"<ul>\n<li>Bayer realiz\u00f3 anuncios globales en Iowa, coraz\u00f3n agr\u00edcola de Estados Unidos.<\/li>\n<li>Ma\u00edces de baja estatura y un insecticida de amplio espectro ya fueron lanzados al mercado.<\/li>\n<li>Proyectan otros avances disruptivos en la pr\u00f3xima d\u00e9cada, sobre soja, trigo y otros cultivos, por ejemplo para biocombustibles.<\/li>\n<\/ul>\n<p>\u200bBayer realiz\u00f3 anuncios globales en Iowa, coraz\u00f3n agr\u00edcola de Estados Unidos.Ma\u00edces de baja estatura y un insecticida de amplio espectro ya fueron lanzados al mercado.Proyectan otros avances disruptivos en la pr\u00f3xima d\u00e9cada, sobre soja, trigo y otros cultivos, por ejemplo para biocombustibles.\u00a0<a href=\"https:\/\/www.clarin.com\/rural\/edicion-genica-inteligencia-artificial-reducen-5-anos-4-meses-mejoramiento-cultivos_0_I4PH4vGa8n.html\" target=\"_blank\" class=\"feedzy-rss-link-icon\">Read More<\/a><\/p>","protected":false},"excerpt":{"rendered":"<p>Bayer realiz\u00f3 anuncios globales en Iowa, coraz\u00f3n agr\u00edcola de Estados Unidos. Ma\u00edces de baja estatura&#8230;<\/p>\n","protected":false},"author":1,"featured_media":0,"comment_status":"open","ping_status":"open","sticky":false,"template":"","format":"standard","meta":{"footnotes":"","_members_access_role":[],"_members_access_error":""},"categories":[3],"tags":[],"class_list":["post-71282","post","type-post","status-publish","format-standard","has-post-thumbnail","hentry","category-nacionales"],"_links":{"self":[{"href":"https:\/\/masquenoticiastucuman.com.ar\/index.php?rest_route=\/wp\/v2\/posts\/71282","targetHints":{"allow":["GET"]}}],"collection":[{"href":"https:\/\/masquenoticiastucuman.com.ar\/index.php?rest_route=\/wp\/v2\/posts"}],"about":[{"href":"https:\/\/masquenoticiastucuman.com.ar\/index.php?rest_route=\/wp\/v2\/types\/post"}],"author":[{"embeddable":true,"href":"https:\/\/masquenoticiastucuman.com.ar\/index.php?rest_route=\/wp\/v2\/users\/1"}],"replies":[{"embeddable":true,"href":"https:\/\/masquenoticiastucuman.com.ar\/index.php?rest_route=%2Fwp%2Fv2%2Fcomments&post=71282"}],"version-history":[{"count":0,"href":"https:\/\/masquenoticiastucuman.com.ar\/index.php?rest_route=\/wp\/v2\/posts\/71282\/revisions"}],"wp:attachment":[{"href":"https:\/\/masquenoticiastucuman.com.ar\/index.php?rest_route=%2Fwp%2Fv2%2Fmedia&parent=71282"}],"wp:term":[{"taxonomy":"category","embeddable":true,"href":"https:\/\/masquenoticiastucuman.com.ar\/index.php?rest_route=%2Fwp%2Fv2%2Fcategories&post=71282"},{"taxonomy":"post_tag","embeddable":true,"href":"https:\/\/masquenoticiastucuman.com.ar\/index.php?rest_route=%2Fwp%2Fv2%2Ftags&post=71282"}],"curies":[{"name":"wp","href":"https:\/\/api.w.org\/{rel}","templated":true}]}}