{"id":71284,"date":"2026-09-02T09:49:45","date_gmt":"2026-09-02T12:49:45","guid":{"rendered":"http:\/\/masquenoticiastucuman.com.ar\/?p=71284"},"modified":"2026-09-02T09:49:45","modified_gmt":"2026-09-02T12:49:45","slug":"guerra-en-oriente-medio-iran-responde-a-los-bombardeos-de-estados-unidos-con-ataques-a-sus-bases-en-el-golfo","status":"publish","type":"post","link":"https:\/\/masquenoticiastucuman.com.ar\/?p=71284","title":{"rendered":"Guerra en Oriente Medio: Ir\u00e1n responde a los bombardeos de Estados Unidos con ataques a sus bases en el Golfo"},"content":{"rendered":"<ul>\n<li>Es la peor escalada luego de una pausa de un mes. Teher\u00e1n dispar\u00f3 contra Jordania, Kuwait, Emiratos \u00c1rabes Unidos y Baherein, aliados de Washington. <\/li>\n<li>El r\u00e9gimen isl\u00e1mico reaccion\u00f3 con furia tras un ataque que dej\u00f3 cuatro muertos durante un casamiento en el sur del pa\u00eds.<\/li>\n<\/ul>\n<p>\u200bEs la peor escalada luego de una pausa de un mes. Teher\u00e1n dispar\u00f3 contra Jordania, Kuwait, Emiratos \u00c1rabes Unidos y Baherein, aliados de Washington. El r\u00e9gimen isl\u00e1mico reaccion\u00f3 con furia tras un ataque que dej\u00f3 cuatro muertos durante un casamiento en el sur del pa\u00eds.\u00a0<a href=\"https:\/\/www.clarin.com\/mundo\/guerra-oriente-medio-iran-responde-bombardeos-estados-unidos-ataques-bases-golfo_0_LnSt7llCc3.html\" target=\"_blank\" class=\"feedzy-rss-link-icon\">Read More<\/a><\/p>","protected":false},"excerpt":{"rendered":"<p>Es la peor escalada luego de una pausa de un mes. Teher\u00e1n dispar\u00f3 contra Jordania,&#8230;<\/p>\n","protected":false},"author":1,"featured_media":71285,"comment_status":"open","ping_status":"open","sticky":false,"template":"","format":"standard","meta":{"footnotes":"","_members_access_role":[],"_members_access_error":""},"categories":[4],"tags":[],"class_list":["post-71284","post","type-post","status-publish","format-standard","has-post-thumbnail","hentry","category-internacionales"],"_links":{"self":[{"href":"https:\/\/masquenoticiastucuman.com.ar\/index.php?rest_route=\/wp\/v2\/posts\/71284","targetHints":{"allow":["GET"]}}],"collection":[{"href":"https:\/\/masquenoticiastucuman.com.ar\/index.php?rest_route=\/wp\/v2\/posts"}],"about":[{"href":"https:\/\/masquenoticiastucuman.com.ar\/index.php?rest_route=\/wp\/v2\/types\/post"}],"author":[{"embeddable":true,"href":"https:\/\/masquenoticiastucuman.com.ar\/index.php?rest_route=\/wp\/v2\/users\/1"}],"replies":[{"embeddable":true,"href":"https:\/\/masquenoticiastucuman.com.ar\/index.php?rest_route=%2Fwp%2Fv2%2Fcomments&post=71284"}],"version-history":[{"count":0,"href":"https:\/\/masquenoticiastucuman.com.ar\/index.php?rest_route=\/wp\/v2\/posts\/71284\/revisions"}],"wp:featuredmedia":[{"embeddable":true,"href":"https:\/\/masquenoticiastucuman.com.ar\/index.php?rest_route=\/wp\/v2\/media\/71285"}],"wp:attachment":[{"href":"https:\/\/masquenoticiastucuman.com.ar\/index.php?rest_route=%2Fwp%2Fv2%2Fmedia&parent=71284"}],"wp:term":[{"taxonomy":"category","embeddable":true,"href":"https:\/\/masquenoticiastucuman.com.ar\/index.php?rest_route=%2Fwp%2Fv2%2Fcategories&post=71284"},{"taxonomy":"post_tag","embeddable":true,"href":"https:\/\/masquenoticiastucuman.com.ar\/index.php?rest_route=%2Fwp%2Fv2%2Ftags&post=71284"}],"curies":[{"name":"wp","href":"https:\/\/api.w.org\/{rel}","templated":true}]}}