{"id":71287,"date":"2026-09-02T12:08:03","date_gmt":"2026-09-02T15:08:03","guid":{"rendered":"https:\/\/masquenoticiastucuman.com.ar\/?p=71287"},"modified":"2026-09-02T12:08:03","modified_gmt":"2026-09-02T15:08:03","slug":"silman-destaco-la-gestion-del-gobierno-provincial-tras-reunirse-con-jaldo","status":"publish","type":"post","link":"https:\/\/masquenoticiastucuman.com.ar\/?p=71287","title":{"rendered":"Silman destac\u00f3 la gesti\u00f3n del Gobierno provincial, tras reunirse con Jaldo"},"content":{"rendered":"\n<p class=\"wp-block-paragraph\">El ex legislador Julio Silman destac\u00f3 la conducci\u00f3n del gobernador Osvaldo Jaldo y plante\u00f3 la necesidad de proteger el empleo, las econom\u00edas regionales y las pol\u00edticas sociales ante el contexto nacional.<\/p>\n\n\n\n<p class=\"wp-block-paragraph\">El gobernador&nbsp;<strong>Osvaldo Jaldo<\/strong>&nbsp;mantuvo una reuni\u00f3n de trabajo en Casa de Gobierno con el ex legislador&nbsp;<strong>Julio Silman<\/strong>, con quien dialog\u00f3 sobre la situaci\u00f3n provincial y nacional, el empleo, las econom\u00edas regionales y las pol\u00edticas sociales y de formaci\u00f3n.<\/p>\n\n\n\n<p class=\"wp-block-paragraph\">Tras el encuentro, Silman destac\u00f3 la convocatoria del mandatario provincial y se refiri\u00f3 al escenario econ\u00f3mico y social del pa\u00eds. En ese sentido, sostuvo: \u201cestoy agradecido con el gobernador que me invit\u00f3 a que lo visite. Hoy, la verdad que le est\u00e1 tocando un desaf\u00edo gigante al gobernar en esta situaci\u00f3n nacional dif\u00edcil. Es un hombre de mucha experiencia, se prepar\u00f3 toda la vida para esto\u201d.<\/p>\n\n\n\n<p class=\"wp-block-paragraph\">El ex legislador tambi\u00e9n valor\u00f3 las medidas adoptadas por la Provincia frente al contexto nacional y se\u00f1al\u00f3: \u201cCreo que en el contexto nacional, Tucum\u00e1n hoy la est\u00e1 peleando, tiene una gesti\u00f3n acorde a c\u00f3mo est\u00e1 el pa\u00eds\u201d.<\/p>\n\n\n\n<p class=\"wp-block-paragraph\">Durante la reuni\u00f3n, Silman plante\u00f3 su preocupaci\u00f3n por el empleo y por el impacto de la situaci\u00f3n econ\u00f3mica en distintos sectores. \u201cle transmit\u00ed al gobernador que, fundamentalmente, mi preocupaci\u00f3n es el trabajo. Creo que est\u00e1 dif\u00edcil esta situaci\u00f3n\u201d que se observa a nivel pa\u00eds, y se\u00f1al\u00f3 que \u201chay que cuidar el trabajo, cuidar las econom\u00edas regionales, cuidar la parte social, cuidar el tema formativo y las capacitaciones\u201d, afirm\u00f3.&nbsp;<\/p>\n\n\n\n<p class=\"wp-block-paragraph\">Adem\u00e1s, destac\u00f3 el v\u00ednculo que mantiene con el gobernador y valor\u00f3 el encuentro: \u201ccon el gobernador nos conocemos hace muchos a\u00f1os y la verdad que fue una reuni\u00f3n prolongada muy agradable\u201d, expres\u00f3.<\/p>\n\n\n\n<p class=\"wp-block-paragraph\">En relaci\u00f3n con el escenario pol\u00edtico nacional y provincial, Silman manifest\u00f3 su respaldo a la conducci\u00f3n de Jaldo. \u201cYo no tengo dudas. Hoy el que le toca el desaf\u00edo de conducir la provincia es \u00e9l. Osvaldo Jaldo es el que conduce el peronismo, \u00e9l conduce la provincia. En este momento, yo estoy en la parte privada, pero me pongo a disposici\u00f3n de la conducci\u00f3n\u201d, sostuvo.<\/p>\n\n\n\n<p class=\"wp-block-paragraph\">En esa l\u00ednea, remarc\u00f3: \u201cque a Osvaldo Jaldo le vaya bien, le va a ir bien a Tucum\u00e1n. Eso no tengo duda\u201d.<\/p>\n\n\n\n<p class=\"wp-block-paragraph\">Finalmente, Silman destac\u00f3 la experiencia del gobernador y evalu\u00f3 su gesti\u00f3n al frente del Ejecutivo provincial. \u201cTucum\u00e1n no tiene margen para otra conducci\u00f3n que no sea del que hoy est\u00e1 sentado ac\u00e1 en el sill\u00f3n de Lucas C\u00f3rdoba, que es Osvaldo Jaldo. Y repito, se prepar\u00f3 toda su vida, tiene toda la experiencia, y yo considero que lo est\u00e1 haciendo bien\u201d, concluy\u00f3.<\/p>\n","protected":false},"excerpt":{"rendered":"<p>El ex legislador Julio Silman destac\u00f3 la conducci\u00f3n del gobernador Osvaldo Jaldo y plante\u00f3 la&#8230;<\/p>\n","protected":false},"author":2,"featured_media":71288,"comment_status":"open","ping_status":"open","sticky":false,"template":"","format":"standard","meta":{"footnotes":"","_members_access_role":[],"_members_access_error":""},"categories":[2],"tags":[],"class_list":["post-71287","post","type-post","status-publish","format-standard","has-post-thumbnail","hentry","category-locales"],"_links":{"self":[{"href":"https:\/\/masquenoticiastucuman.com.ar\/index.php?rest_route=\/wp\/v2\/posts\/71287","targetHints":{"allow":["GET"]}}],"collection":[{"href":"https:\/\/masquenoticiastucuman.com.ar\/index.php?rest_route=\/wp\/v2\/posts"}],"about":[{"href":"https:\/\/masquenoticiastucuman.com.ar\/index.php?rest_route=\/wp\/v2\/types\/post"}],"author":[{"embeddable":true,"href":"https:\/\/masquenoticiastucuman.com.ar\/index.php?rest_route=\/wp\/v2\/users\/2"}],"replies":[{"embeddable":true,"href":"https:\/\/masquenoticiastucuman.com.ar\/index.php?rest_route=%2Fwp%2Fv2%2Fcomments&post=71287"}],"version-history":[{"count":1,"href":"https:\/\/masquenoticiastucuman.com.ar\/index.php?rest_route=\/wp\/v2\/posts\/71287\/revisions"}],"predecessor-version":[{"id":71289,"href":"https:\/\/masquenoticiastucuman.com.ar\/index.php?rest_route=\/wp\/v2\/posts\/71287\/revisions\/71289"}],"wp:featuredmedia":[{"embeddable":true,"href":"https:\/\/masquenoticiastucuman.com.ar\/index.php?rest_route=\/wp\/v2\/media\/71288"}],"wp:attachment":[{"href":"https:\/\/masquenoticiastucuman.com.ar\/index.php?rest_route=%2Fwp%2Fv2%2Fmedia&parent=71287"}],"wp:term":[{"taxonomy":"category","embeddable":true,"href":"https:\/\/masquenoticiastucuman.com.ar\/index.php?rest_route=%2Fwp%2Fv2%2Fcategories&post=71287"},{"taxonomy":"post_tag","embeddable":true,"href":"https:\/\/masquenoticiastucuman.com.ar\/index.php?rest_route=%2Fwp%2Fv2%2Ftags&post=71287"}],"curies":[{"name":"wp","href":"https:\/\/api.w.org\/{rel}","templated":true}]}}