{"id":71290,"date":"2026-09-02T12:29:07","date_gmt":"2026-09-02T15:29:07","guid":{"rendered":"https:\/\/masquenoticiastucuman.com.ar\/?p=71290"},"modified":"2026-09-02T12:29:08","modified_gmt":"2026-09-02T15:29:08","slug":"jaldo-recibio-a-la-intendenta-de-lules-para-avanzar-en-obras-y-proyectos-para-el-municipio","status":"publish","type":"post","link":"https:\/\/masquenoticiastucuman.com.ar\/?p=71290","title":{"rendered":"Jaldo recibi\u00f3 a la intendenta de Lules para avanzar en obras y proyectos para el municipio"},"content":{"rendered":"\n<p class=\"wp-block-paragraph\">El gobernador Osvaldo Jaldo recibi\u00f3 en su despacho de Casa de Gobierno a la intendenta de Lules, Marta Albarrac\u00edn, y al legislador Carlos Gallia, para analizar las obras en marcha y los proyectos previstos para el municipio.<\/p>\n\n\n\n<p class=\"wp-block-paragraph\">Durante el encuentro, las autoridades repasaron las acciones que se ejecutan en Lules y los nuevos proyectos que comenzar\u00e1n en los pr\u00f3ximos meses, con financiamiento provincial y un fuerte impacto en la actividad comercial y econ\u00f3mica de la ciudad.<\/p>\n\n\n\n<p class=\"wp-block-paragraph\">Uno de los principales proyectos ser\u00e1 la construcci\u00f3n de una nueva galer\u00eda comercial en el centro de Lules, luego de que la antigua estructura del mercado municipal quedara inutilizada por su deterioro. La iniciativa contempla tambi\u00e9n una plaza que funcionar\u00e1 como espacio de encuentro para los vecinos.<\/p>\n\n\n\n<p class=\"wp-block-paragraph\">Al finalizar la reuni\u00f3n, la intendenta&nbsp;<strong>Marta Albarrac\u00edn<\/strong>&nbsp;destac\u00f3 el car\u00e1cter positivo del encuentro y valor\u00f3 el acompa\u00f1amiento del Gobierno provincial a las iniciativas del municipio. En ese sentido, explic\u00f3 que la reuni\u00f3n permiti\u00f3 poner en com\u00fan las obras que ya se realizan y las que comenzar\u00e1n pr\u00f3ximamente.<\/p>\n\n\n\n<p class=\"wp-block-paragraph\">\u201cNos pusimos a disposici\u00f3n del Gobernador. Fue una reuni\u00f3n muy positiva que nos permiti\u00f3 comentarle las obras que estamos haciendo y las que vamos a comenzar a hacer\u201d, expres\u00f3.<\/p>\n\n\n\n<p class=\"wp-block-paragraph\">Albarrac\u00edn resalt\u00f3 adem\u00e1s la continuidad del acompa\u00f1amiento provincial a Lules y se\u00f1al\u00f3 que el municipio mantuvo su agenda de obras durante los \u00faltimos a\u00f1os. \u201cLules nunca par\u00f3, siempre tuvimos el acompa\u00f1amiento de Osvaldo Jaldo y del vicegobernador,&nbsp;<strong>Miguel Acevedo,<\/strong>&nbsp;tambi\u00e9n\u201d, sostuvo.<\/p>\n\n\n\n<p class=\"wp-block-paragraph\">Sobre la intervenci\u00f3n prevista en el \u00e1rea c\u00e9ntrica, la intendenta explic\u00f3 que el proyecto permitir\u00e1 recuperar un espacio municipal y generar nuevas oportunidades para comerciantes y emprendedores.&nbsp;<strong>\u201cEl mercado municipal ten\u00eda una estructura muy antigua, por eso vamos a comenzar con este sue\u00f1o de hacer una galer\u00eda moderna comercial, un paseo comercial que va a ser importante, sobre todo, para la zona c\u00e9ntrica de Lules\u201d<\/strong>, detall\u00f3.<\/p>\n\n\n\n<p class=\"wp-block-paragraph\">La primera etapa de la obra estar\u00e1 acompa\u00f1ada por la creaci\u00f3n de un espacio p\u00fablico destinado al encuentro de los vecinos. Albarrac\u00edn valor\u00f3 el respaldo financiero del Estado provincial y el impacto que tendr\u00e1 la iniciativa en la econom\u00eda local.<\/p>\n\n\n\n<p class=\"wp-block-paragraph\">\u201cVamos a empezar con esta primera etapa, con fondos son provinciales. Estamos hablando de un movimiento econ\u00f3mico importante, mano de obra para la gente de Lules, para los comerciantes, para los emprendedores, y una plaza que va a quedar linda para que la gente tenga su lugar de encuentro\u201d, afirm\u00f3.<\/p>\n\n\n\n<p class=\"wp-block-paragraph\">Por su parte, el legislador Carlos Gallia puso en valor el uso de recursos del presupuesto provincial para sostener obras en los municipios y comunas de Tucum\u00e1n. El parlamentario destac\u00f3 que las inversiones se traducen en intervenciones concretas que impactan en las comunidades.<\/p>\n\n\n\n<p class=\"wp-block-paragraph\">\u201cCon el presupuesto provincial se pueden hacer muchas cosas y el Gobernador lo est\u00e1 ejecutando; eso la gente lo ve en obras en cada municipio, en cada comuna, en cada pueblito, en cada ciudad\u201d, manifest\u00f3.<\/p>\n\n\n\n<p class=\"wp-block-paragraph\">Finalmente, el legislador destac\u00f3 la gesti\u00f3n provincial frente al escenario econ\u00f3mico y pol\u00edtico nacional y sostuvo que las acciones impulsadas desde Tucum\u00e1n apuntan a sostener el desarrollo de la provincia.<\/p>\n\n\n\n<p class=\"wp-block-paragraph\">\u201cCreo que los tucumanos se merecen un gobernador como Osvaldo Jaldo, ya que ha demostrado que, ante una adversidad tan grande como la que nos presenta el Gobierno nacional, ha podido salir adelante y con mano firme llevar a este Tucum\u00e1n a un futuro mejor para todos los tucumanos\u201d, concluy\u00f3.<\/p>\n","protected":false},"excerpt":{"rendered":"<p>El gobernador Osvaldo Jaldo recibi\u00f3 en su despacho de Casa de Gobierno a la intendenta&#8230;<\/p>\n","protected":false},"author":2,"featured_media":71291,"comment_status":"open","ping_status":"open","sticky":false,"template":"","format":"standard","meta":{"footnotes":"","_members_access_role":[],"_members_access_error":""},"categories":[2],"tags":[],"class_list":["post-71290","post","type-post","status-publish","format-standard","has-post-thumbnail","hentry","category-locales"],"_links":{"self":[{"href":"https:\/\/masquenoticiastucuman.com.ar\/index.php?rest_route=\/wp\/v2\/posts\/71290","targetHints":{"allow":["GET"]}}],"collection":[{"href":"https:\/\/masquenoticiastucuman.com.ar\/index.php?rest_route=\/wp\/v2\/posts"}],"about":[{"href":"https:\/\/masquenoticiastucuman.com.ar\/index.php?rest_route=\/wp\/v2\/types\/post"}],"author":[{"embeddable":true,"href":"https:\/\/masquenoticiastucuman.com.ar\/index.php?rest_route=\/wp\/v2\/users\/2"}],"replies":[{"embeddable":true,"href":"https:\/\/masquenoticiastucuman.com.ar\/index.php?rest_route=%2Fwp%2Fv2%2Fcomments&post=71290"}],"version-history":[{"count":1,"href":"https:\/\/masquenoticiastucuman.com.ar\/index.php?rest_route=\/wp\/v2\/posts\/71290\/revisions"}],"predecessor-version":[{"id":71292,"href":"https:\/\/masquenoticiastucuman.com.ar\/index.php?rest_route=\/wp\/v2\/posts\/71290\/revisions\/71292"}],"wp:featuredmedia":[{"embeddable":true,"href":"https:\/\/masquenoticiastucuman.com.ar\/index.php?rest_route=\/wp\/v2\/media\/71291"}],"wp:attachment":[{"href":"https:\/\/masquenoticiastucuman.com.ar\/index.php?rest_route=%2Fwp%2Fv2%2Fmedia&parent=71290"}],"wp:term":[{"taxonomy":"category","embeddable":true,"href":"https:\/\/masquenoticiastucuman.com.ar\/index.php?rest_route=%2Fwp%2Fv2%2Fcategories&post=71290"},{"taxonomy":"post_tag","embeddable":true,"href":"https:\/\/masquenoticiastucuman.com.ar\/index.php?rest_route=%2Fwp%2Fv2%2Ftags&post=71290"}],"curies":[{"name":"wp","href":"https:\/\/api.w.org\/{rel}","templated":true}]}}