{"id":71295,"date":"2026-09-02T11:17:08","date_gmt":"2026-09-02T14:17:08","guid":{"rendered":"http:\/\/masquenoticiastucuman.com.ar\/?p=71295"},"modified":"2026-09-02T11:17:08","modified_gmt":"2026-09-02T14:17:08","slug":"crece-la-presion-en-brasil-para-que-renuncie-el-juez-de-la-corte-suprema-alexandre-de-moraes-salpicado-en-un-caso-de-corrupcion","status":"publish","type":"post","link":"https:\/\/masquenoticiastucuman.com.ar\/?p=71295","title":{"rendered":"Crece la presi\u00f3n en Brasil para que renuncie el juez de la Corte Suprema Alexandre de Moraes, salpicado en un caso de corrupci\u00f3n"},"content":{"rendered":"<ul>\n<li>El juez que conden\u00f3 a Jair Bolsonaro por golpismo est\u00e1 en medio de un esc\u00e1ndalo por sus v\u00ednculos con un banquero preso por un fraude gigantesco.<\/li>\n<li>Grabaciones difundidas por la polic\u00eda en el marco de la investigaci\u00f3n por la quiebra del Banco Master sacuden el escenario pol\u00edtico en plena campa\u00f1a.<\/li>\n<\/ul>\n<p>\u200bEl juez que conden\u00f3 a Jair Bolsonaro por golpismo est\u00e1 en medio de un esc\u00e1ndalo por sus v\u00ednculos con un banquero preso por un fraude gigantesco.Grabaciones difundidas por la polic\u00eda en el marco de la investigaci\u00f3n por la quiebra del Banco Master sacuden el escenario pol\u00edtico en plena campa\u00f1a.\u00a0<a href=\"https:\/\/www.clarin.com\/mundo\/crece-presion-brasil-renuncie-juez-corte-suprema-alexandre-moraes-salpicado-caso-corrupcion_0_GlIMOcHaTs.html\" target=\"_blank\" class=\"feedzy-rss-link-icon\">Read More<\/a><\/p>","protected":false},"excerpt":{"rendered":"<p>El juez que conden\u00f3 a Jair Bolsonaro por golpismo est\u00e1 en medio de un esc\u00e1ndalo&#8230;<\/p>\n","protected":false},"author":1,"featured_media":71296,"comment_status":"open","ping_status":"open","sticky":false,"template":"","format":"standard","meta":{"footnotes":"","_members_access_role":[],"_members_access_error":""},"categories":[4],"tags":[],"class_list":["post-71295","post","type-post","status-publish","format-standard","has-post-thumbnail","hentry","category-internacionales"],"_links":{"self":[{"href":"https:\/\/masquenoticiastucuman.com.ar\/index.php?rest_route=\/wp\/v2\/posts\/71295","targetHints":{"allow":["GET"]}}],"collection":[{"href":"https:\/\/masquenoticiastucuman.com.ar\/index.php?rest_route=\/wp\/v2\/posts"}],"about":[{"href":"https:\/\/masquenoticiastucuman.com.ar\/index.php?rest_route=\/wp\/v2\/types\/post"}],"author":[{"embeddable":true,"href":"https:\/\/masquenoticiastucuman.com.ar\/index.php?rest_route=\/wp\/v2\/users\/1"}],"replies":[{"embeddable":true,"href":"https:\/\/masquenoticiastucuman.com.ar\/index.php?rest_route=%2Fwp%2Fv2%2Fcomments&post=71295"}],"version-history":[{"count":0,"href":"https:\/\/masquenoticiastucuman.com.ar\/index.php?rest_route=\/wp\/v2\/posts\/71295\/revisions"}],"wp:featuredmedia":[{"embeddable":true,"href":"https:\/\/masquenoticiastucuman.com.ar\/index.php?rest_route=\/wp\/v2\/media\/71296"}],"wp:attachment":[{"href":"https:\/\/masquenoticiastucuman.com.ar\/index.php?rest_route=%2Fwp%2Fv2%2Fmedia&parent=71295"}],"wp:term":[{"taxonomy":"category","embeddable":true,"href":"https:\/\/masquenoticiastucuman.com.ar\/index.php?rest_route=%2Fwp%2Fv2%2Fcategories&post=71295"},{"taxonomy":"post_tag","embeddable":true,"href":"https:\/\/masquenoticiastucuman.com.ar\/index.php?rest_route=%2Fwp%2Fv2%2Ftags&post=71295"}],"curies":[{"name":"wp","href":"https:\/\/api.w.org\/{rel}","templated":true}]}}