{"id":71297,"date":"2026-09-02T10:45:33","date_gmt":"2026-09-02T13:45:33","guid":{"rendered":"http:\/\/masquenoticiastucuman.com.ar\/?p=71297"},"modified":"2026-09-02T10:45:33","modified_gmt":"2026-09-02T13:45:33","slug":"fue-marruecos-un-informe-policial-contradice-la-version-de-pedro-sanchez-sobre-el-ingreso-masivo-de-inmigrantes-a-ceuta","status":"publish","type":"post","link":"https:\/\/masquenoticiastucuman.com.ar\/?p=71297","title":{"rendered":"\u00bfFue Marruecos?: Un informe policial contradice la versi\u00f3n de Pedro S\u00e1nchez sobre el ingreso masivo de inmigrantes a Ceuta"},"content":{"rendered":"<ul>\n<li>El informe se\u00f1ala que la entrada masiva de extranjeros al enclave espa\u00f1ol en el norte de \u00c1frica fue planificada y guiada por gendarmes marroqu\u00edes.<\/li>\n<li>El jefe de gobierno espa\u00f1ol se esfuerza por dejar afuera a Rabat de cualquier responsabilidad y apunta, en cambio, contra Rusia e Israel.<\/li>\n<\/ul>\n<p>\u200bEl informe se\u00f1ala que la entrada masiva de extranjeros al enclave espa\u00f1ol en el norte de \u00c1frica fue planificada y guiada por gendarmes marroqu\u00edes.El jefe de gobierno espa\u00f1ol se esfuerza por dejar afuera a Rabat de cualquier responsabilidad y apunta, en cambio, contra Rusia e Israel.\u00a0<a href=\"https:\/\/www.clarin.com\/mundo\/marruecos-informe-policial-contradice-version-pedro-sanchez-ingreso-masivo-inmigrantes-ceuta_0_tV18ZICaqc.html\" target=\"_blank\" class=\"feedzy-rss-link-icon\">Read More<\/a><\/p>","protected":false},"excerpt":{"rendered":"<p>El informe se\u00f1ala que la entrada masiva de extranjeros al enclave espa\u00f1ol en el norte&#8230;<\/p>\n","protected":false},"author":1,"featured_media":71298,"comment_status":"open","ping_status":"open","sticky":false,"template":"","format":"standard","meta":{"footnotes":"","_members_access_role":[],"_members_access_error":""},"categories":[4],"tags":[],"class_list":["post-71297","post","type-post","status-publish","format-standard","has-post-thumbnail","hentry","category-internacionales"],"_links":{"self":[{"href":"https:\/\/masquenoticiastucuman.com.ar\/index.php?rest_route=\/wp\/v2\/posts\/71297","targetHints":{"allow":["GET"]}}],"collection":[{"href":"https:\/\/masquenoticiastucuman.com.ar\/index.php?rest_route=\/wp\/v2\/posts"}],"about":[{"href":"https:\/\/masquenoticiastucuman.com.ar\/index.php?rest_route=\/wp\/v2\/types\/post"}],"author":[{"embeddable":true,"href":"https:\/\/masquenoticiastucuman.com.ar\/index.php?rest_route=\/wp\/v2\/users\/1"}],"replies":[{"embeddable":true,"href":"https:\/\/masquenoticiastucuman.com.ar\/index.php?rest_route=%2Fwp%2Fv2%2Fcomments&post=71297"}],"version-history":[{"count":0,"href":"https:\/\/masquenoticiastucuman.com.ar\/index.php?rest_route=\/wp\/v2\/posts\/71297\/revisions"}],"wp:featuredmedia":[{"embeddable":true,"href":"https:\/\/masquenoticiastucuman.com.ar\/index.php?rest_route=\/wp\/v2\/media\/71298"}],"wp:attachment":[{"href":"https:\/\/masquenoticiastucuman.com.ar\/index.php?rest_route=%2Fwp%2Fv2%2Fmedia&parent=71297"}],"wp:term":[{"taxonomy":"category","embeddable":true,"href":"https:\/\/masquenoticiastucuman.com.ar\/index.php?rest_route=%2Fwp%2Fv2%2Fcategories&post=71297"},{"taxonomy":"post_tag","embeddable":true,"href":"https:\/\/masquenoticiastucuman.com.ar\/index.php?rest_route=%2Fwp%2Fv2%2Ftags&post=71297"}],"curies":[{"name":"wp","href":"https:\/\/api.w.org\/{rel}","templated":true}]}}