{"id":71299,"date":"2026-09-02T11:16:44","date_gmt":"2026-09-02T14:16:44","guid":{"rendered":"http:\/\/masquenoticiastucuman.com.ar\/?p=71299"},"modified":"2026-09-02T11:16:44","modified_gmt":"2026-09-02T14:16:44","slug":"ariana-grande-hasta-las-lagrimas-en-su-ultimo-concierto-antes-de-alejarse-de-los-escenarios","status":"publish","type":"post","link":"https:\/\/masquenoticiastucuman.com.ar\/?p=71299","title":{"rendered":"Ariana Grande, hasta las l\u00e1grimas en su \u00faltimo concierto antes de alejarse de los escenarios"},"content":{"rendered":"<ul>\n<li>La cantante cerr\u00f3 su gira<em> Eternal Sunshine<\/em> en Londres con un show cargado de emoci\u00f3n.<\/li>\n<li>Tras 41 conciertos, la artista decidi\u00f3 tomarse una pausa de la exposici\u00f3n p\u00fablica y alejarse temporalmente de los escenarios.<\/li>\n<\/ul>\n<p>\u200bLa cantante cerr\u00f3 su gira Eternal Sunshine en Londres con un show cargado de emoci\u00f3n.Tras 41 conciertos, la artista decidi\u00f3 tomarse una pausa de la exposici\u00f3n p\u00fablica y alejarse temporalmente de los escenarios.\u00a0<a href=\"https:\/\/www.clarin.com\/espectaculos\/ariana-grande-lagrimas-ultimo-concierto-alejarse-escenarios_0_QyWLcNGp3U.html\" target=\"_blank\" class=\"feedzy-rss-link-icon\">Read More<\/a><\/p>","protected":false},"excerpt":{"rendered":"<p>La cantante cerr\u00f3 su gira Eternal Sunshine en Londres con un show cargado de emoci\u00f3n&#8230;.<\/p>\n","protected":false},"author":1,"featured_media":0,"comment_status":"open","ping_status":"open","sticky":false,"template":"","format":"standard","meta":{"footnotes":"","_members_access_role":[],"_members_access_error":""},"categories":[5],"tags":[],"class_list":["post-71299","post","type-post","status-publish","format-standard","has-post-thumbnail","hentry","category-espectaculo"],"_links":{"self":[{"href":"https:\/\/masquenoticiastucuman.com.ar\/index.php?rest_route=\/wp\/v2\/posts\/71299","targetHints":{"allow":["GET"]}}],"collection":[{"href":"https:\/\/masquenoticiastucuman.com.ar\/index.php?rest_route=\/wp\/v2\/posts"}],"about":[{"href":"https:\/\/masquenoticiastucuman.com.ar\/index.php?rest_route=\/wp\/v2\/types\/post"}],"author":[{"embeddable":true,"href":"https:\/\/masquenoticiastucuman.com.ar\/index.php?rest_route=\/wp\/v2\/users\/1"}],"replies":[{"embeddable":true,"href":"https:\/\/masquenoticiastucuman.com.ar\/index.php?rest_route=%2Fwp%2Fv2%2Fcomments&post=71299"}],"version-history":[{"count":0,"href":"https:\/\/masquenoticiastucuman.com.ar\/index.php?rest_route=\/wp\/v2\/posts\/71299\/revisions"}],"wp:attachment":[{"href":"https:\/\/masquenoticiastucuman.com.ar\/index.php?rest_route=%2Fwp%2Fv2%2Fmedia&parent=71299"}],"wp:term":[{"taxonomy":"category","embeddable":true,"href":"https:\/\/masquenoticiastucuman.com.ar\/index.php?rest_route=%2Fwp%2Fv2%2Fcategories&post=71299"},{"taxonomy":"post_tag","embeddable":true,"href":"https:\/\/masquenoticiastucuman.com.ar\/index.php?rest_route=%2Fwp%2Fv2%2Ftags&post=71299"}],"curies":[{"name":"wp","href":"https:\/\/api.w.org\/{rel}","templated":true}]}}