{"id":71300,"date":"2026-09-02T11:17:06","date_gmt":"2026-09-02T14:17:06","guid":{"rendered":"http:\/\/masquenoticiastucuman.com.ar\/?p=71300"},"modified":"2026-09-02T11:17:06","modified_gmt":"2026-09-02T14:17:06","slug":"us-open-dia-4-en-vivo-etcheverry-vs-fearnley-y-navone-ante-berrettini-buscan-la-3ra-ronda-en-estados-unidos","status":"publish","type":"post","link":"https:\/\/masquenoticiastucuman.com.ar\/?p=71300","title":{"rendered":"US Open, d\u00eda 4, EN VIVO: Etcheverry vs Fearnley, y Navone ante Berrettini, buscan la 3ra ronda en Estados Unidos"},"content":{"rendered":"<ul>\n<li>Tomy comenz\u00f3 con el pie derecho en Flushing Meadows, una buena victoria ante Kopriva.<\/li>\n<li>La Nave hizo historia: aprovech\u00f3 un baj\u00f3n f\u00edsico de Novak Djokovic y le gan\u00f3 al ex 1 del mundo.<\/li>\n<li>La jornada tendr\u00e1 varios candidatos, entre ellos Carlos Alcaraz, que juega en el \u00faltimo turno.<\/li>\n<\/ul>\n<p>\u200bTomy comenz\u00f3 con el pie derecho en Flushing Meadows, una buena victoria ante Kopriva.La Nave hizo historia: aprovech\u00f3 un baj\u00f3n f\u00edsico de Novak Djokovic y le gan\u00f3 al ex 1 del mundo.La jornada tendr\u00e1 varios candidatos, entre ellos Carlos Alcaraz, que juega en el \u00faltimo turno.\u00a0<a href=\"https:\/\/www.clarin.com\/deportes\/us-open-dia-4-vivo-etcheverry-vs-fearnley-navone-berrettini-buscan-3ra-ronda-estados-unidos_0_x07JM7yEwt.html\" target=\"_blank\" class=\"feedzy-rss-link-icon\">Read More<\/a><\/p>","protected":false},"excerpt":{"rendered":"<p>Tomy comenz\u00f3 con el pie derecho en Flushing Meadows, una buena victoria ante Kopriva. La&#8230;<\/p>\n","protected":false},"author":1,"featured_media":0,"comment_status":"open","ping_status":"open","sticky":false,"template":"","format":"standard","meta":{"footnotes":"","_members_access_role":[],"_members_access_error":""},"categories":[6],"tags":[],"class_list":["post-71300","post","type-post","status-publish","format-standard","has-post-thumbnail","hentry","category-deportes"],"_links":{"self":[{"href":"https:\/\/masquenoticiastucuman.com.ar\/index.php?rest_route=\/wp\/v2\/posts\/71300","targetHints":{"allow":["GET"]}}],"collection":[{"href":"https:\/\/masquenoticiastucuman.com.ar\/index.php?rest_route=\/wp\/v2\/posts"}],"about":[{"href":"https:\/\/masquenoticiastucuman.com.ar\/index.php?rest_route=\/wp\/v2\/types\/post"}],"author":[{"embeddable":true,"href":"https:\/\/masquenoticiastucuman.com.ar\/index.php?rest_route=\/wp\/v2\/users\/1"}],"replies":[{"embeddable":true,"href":"https:\/\/masquenoticiastucuman.com.ar\/index.php?rest_route=%2Fwp%2Fv2%2Fcomments&post=71300"}],"version-history":[{"count":0,"href":"https:\/\/masquenoticiastucuman.com.ar\/index.php?rest_route=\/wp\/v2\/posts\/71300\/revisions"}],"wp:attachment":[{"href":"https:\/\/masquenoticiastucuman.com.ar\/index.php?rest_route=%2Fwp%2Fv2%2Fmedia&parent=71300"}],"wp:term":[{"taxonomy":"category","embeddable":true,"href":"https:\/\/masquenoticiastucuman.com.ar\/index.php?rest_route=%2Fwp%2Fv2%2Fcategories&post=71300"},{"taxonomy":"post_tag","embeddable":true,"href":"https:\/\/masquenoticiastucuman.com.ar\/index.php?rest_route=%2Fwp%2Fv2%2Ftags&post=71300"}],"curies":[{"name":"wp","href":"https:\/\/api.w.org\/{rel}","templated":true}]}}