{"id":71301,"date":"2026-09-02T10:29:37","date_gmt":"2026-09-02T13:29:37","guid":{"rendered":"http:\/\/masquenoticiastucuman.com.ar\/?p=71301"},"modified":"2026-09-02T10:29:37","modified_gmt":"2026-09-02T13:29:37","slug":"el-plan-para-secuestrar-a-kylian-mbappe-una-banda-comandada-desde-la-carcel-lo-tenia-como-objetivo","status":"publish","type":"post","link":"https:\/\/masquenoticiastucuman.com.ar\/?p=71301","title":{"rendered":"El plan para secuestrar a Kylian Mbapp\u00e9: una banda comandada desde la c\u00e1rcel lo ten\u00eda como objetivo"},"content":{"rendered":"<ul>\n<li>El l\u00edder de la organizaci\u00f3n criminal tiene 18 a\u00f1os y operaba desde la c\u00e1rcel.<\/li>\n<li>De un rapero a un millonario turco, la lista de apuntados.<\/li>\n<\/ul>\n<p>\u200bEl l\u00edder de la organizaci\u00f3n criminal tiene 18 a\u00f1os y operaba desde la c\u00e1rcel.De un rapero a un millonario turco, la lista de apuntados.\u00a0<a href=\"https:\/\/www.clarin.com\/deportes\/plan-secuestrar-kylian-mbappe-banda-comandada-carcel-objetivo_0_f5LBRO11xT.html\" target=\"_blank\" class=\"feedzy-rss-link-icon\">Read More<\/a><\/p>","protected":false},"excerpt":{"rendered":"<p>El l\u00edder de la organizaci\u00f3n criminal tiene 18 a\u00f1os y operaba desde la c\u00e1rcel. De&#8230;<\/p>\n","protected":false},"author":1,"featured_media":0,"comment_status":"open","ping_status":"open","sticky":false,"template":"","format":"standard","meta":{"footnotes":"","_members_access_role":[],"_members_access_error":""},"categories":[6],"tags":[],"class_list":["post-71301","post","type-post","status-publish","format-standard","has-post-thumbnail","hentry","category-deportes"],"_links":{"self":[{"href":"https:\/\/masquenoticiastucuman.com.ar\/index.php?rest_route=\/wp\/v2\/posts\/71301","targetHints":{"allow":["GET"]}}],"collection":[{"href":"https:\/\/masquenoticiastucuman.com.ar\/index.php?rest_route=\/wp\/v2\/posts"}],"about":[{"href":"https:\/\/masquenoticiastucuman.com.ar\/index.php?rest_route=\/wp\/v2\/types\/post"}],"author":[{"embeddable":true,"href":"https:\/\/masquenoticiastucuman.com.ar\/index.php?rest_route=\/wp\/v2\/users\/1"}],"replies":[{"embeddable":true,"href":"https:\/\/masquenoticiastucuman.com.ar\/index.php?rest_route=%2Fwp%2Fv2%2Fcomments&post=71301"}],"version-history":[{"count":0,"href":"https:\/\/masquenoticiastucuman.com.ar\/index.php?rest_route=\/wp\/v2\/posts\/71301\/revisions"}],"wp:attachment":[{"href":"https:\/\/masquenoticiastucuman.com.ar\/index.php?rest_route=%2Fwp%2Fv2%2Fmedia&parent=71301"}],"wp:term":[{"taxonomy":"category","embeddable":true,"href":"https:\/\/masquenoticiastucuman.com.ar\/index.php?rest_route=%2Fwp%2Fv2%2Fcategories&post=71301"},{"taxonomy":"post_tag","embeddable":true,"href":"https:\/\/masquenoticiastucuman.com.ar\/index.php?rest_route=%2Fwp%2Fv2%2Ftags&post=71301"}],"curies":[{"name":"wp","href":"https:\/\/api.w.org\/{rel}","templated":true}]}}