{"id":71302,"date":"2026-09-02T12:59:13","date_gmt":"2026-09-02T15:59:13","guid":{"rendered":"https:\/\/masquenoticiastucuman.com.ar\/?p=71302"},"modified":"2026-09-02T12:59:13","modified_gmt":"2026-09-02T15:59:13","slug":"tucuman-prepara-una-agenda-provincial-de-actividades-por-el-dia-mundial-de-la-prevencion-de-la-conducta-suicida","status":"publish","type":"post","link":"https:\/\/masquenoticiastucuman.com.ar\/?p=71302","title":{"rendered":"Tucum\u00e1n prepara una agenda provincial de actividades por el D\u00eda Mundial de la Prevenci\u00f3n de la Conducta Suicida"},"content":{"rendered":"\n<p class=\"wp-block-paragraph\">Durante septiembre se desarrollar\u00e1n jornadas comunitarias, espacios de reflexi\u00f3n, capacitaciones y encuentros con estudiantes para promover la prevenci\u00f3n, fortalecer las redes de acompa\u00f1amiento y facilitar el acceso oportuno a los servicios de salud mental.<\/p>\n\n\n\n<p class=\"wp-block-paragraph\">En el marco del D\u00eda Mundial de la Prevenci\u00f3n de la Conducta Suicida, que se conmemora cada 10 de septiembre, el Ministerio de Salud P\u00fablica, a cargo de&nbsp;<strong>Luis Medina Ruiz<\/strong>, a trav\u00e9s de la Direcci\u00f3n General de Salud Mental y Adicciones, lleva adelante una serie de actividades destinadas a visibilizar la problem\u00e1tica, fortalecer la prevenci\u00f3n y promover una mirada integral sobre la salud mental.<\/p>\n\n\n\n<p class=\"wp-block-paragraph\">La licenciada Irma Thomas, referente provincial del Programa de Conductas de Riesgo, explic\u00f3 que durante septiembre se desarrollar\u00e1n propuestas en distintos puntos de la provincia, con el objetivo de acercar la tem\u00e1tica a la comunidad y fortalecer el trabajo articulado entre los equipos de salud, educaci\u00f3n, municipios e instituciones.<\/p>\n\n\n\n<p class=\"wp-block-paragraph\">\u201cEste a\u00f1o vamos a realizar plazas centrales en toda la provincia, revalorizando esta problem\u00e1tica que sucede tanto en el interior como en la capital. La idea es generar espacios de encuentro, reflexi\u00f3n y prevenci\u00f3n\u201d, se\u00f1al\u00f3.<\/p>\n\n\n\n<p class=\"wp-block-paragraph\">En este marco, el 10 de septiembre, la Direcci\u00f3n General de Salud Mental y Adicciones participar\u00e1 de una actividad en el Hospital de Aguilares, mientras que tambi\u00e9n acompa\u00f1ar\u00e1 las acciones previstas en el Hospital de Concepci\u00f3n, donde se desarrollar\u00e1n espacios de reflexi\u00f3n con los distintos equipos de la instituci\u00f3n, especialmente con los servicios de guardia y otras \u00e1reas asistenciales.<\/p>\n\n\n\n<p class=\"wp-block-paragraph\">La agenda continuar\u00e1 el 16 de septiembre con actividades comunitarias en Banda del R\u00edo Sal\u00ed, en articulaci\u00f3n con el municipio, y en Alderetes, junto a referentes del \u00e1rea educativa y en coordinaci\u00f3n con el SACE. La propuesta busca llevar la prevenci\u00f3n a los espacios comunitarios y educativos, fortaleciendo las redes existentes.<\/p>\n\n\n\n<p class=\"wp-block-paragraph\">Asimismo, el 17 de septiembre se realizar\u00e1 la XIII Jornada de Prevenci\u00f3n de Conductas de Riesgo, en la que compartir\u00e1n sus experiencias agentes sociosanitarios y trabajadores que fueron capacitados por la Direcci\u00f3n de Salud Mental. La jornada contar\u00e1 adem\u00e1s con una instancia de formaci\u00f3n a cargo de&nbsp;<strong>Andrea Fenix<\/strong>, quien abordar\u00e1 las problem\u00e1ticas actuales de la comunidad.<\/p>\n\n\n\n<p class=\"wp-block-paragraph\">Finalmente, el 25 de septiembre, se desarrollar\u00e1 un conversatorio en la Facultad de Filosof\u00eda y Letras, destinado a estudiantes, donde se trabajar\u00e1 espec\u00edficamente sobre las conductas suicidas, la prevenci\u00f3n y la importancia de modificar las formas de abordar esta problem\u00e1tica.<\/p>\n\n\n\n<p class=\"wp-block-paragraph\">Thomas destac\u00f3 que uno de los principales objetivos de las actividades ser\u00e1 promover un cambio en la manera de hablar sobre la conducta suicida, poniendo el foco en los factores protectores, la escucha y el acompa\u00f1amiento.<\/p>\n\n\n\n<p class=\"wp-block-paragraph\">\u201cTenemos que comenzar a hablar de los factores protectores, de la contenci\u00f3n y de los lazos familiares. Es fundamental activar en la comunidad el acompa\u00f1amiento y poder reconocer las se\u00f1ales de alerta temprana para realizar las consultas y tratamientos a tiempo\u201d, sostuvo.<\/p>\n\n\n\n<p class=\"wp-block-paragraph\">En este sentido, remarc\u00f3 la importancia de vencer los estigmas y los mitos vinculados a la salud mental, entendiendo que pedir ayuda y consultar a un psic\u00f3logo o psiquiatra forma parte del cuidado integral de la persona.<\/p>\n\n\n\n<p class=\"wp-block-paragraph\">\u201cLa salud mental es muy importante dentro de la salud integral. Tenemos que lograr que las personas puedan sentirse acompa\u00f1adas, alojadas y no juzgadas, y que sus familias, amigos y personas cercanas puedan reconocer la importancia de una consulta temprana\u201d, afirm\u00f3.<\/p>\n\n\n\n<p class=\"wp-block-paragraph\">La referente provincial explic\u00f3 que la conducta suicida puede prevenirse en muchos casos cuando se identifican oportunamente determinadas se\u00f1ales de alerta, aunque tambi\u00e9n aclar\u00f3 que existen situaciones que pueden presentarse de manera intempestiva.<\/p>\n\n\n\n<p class=\"wp-block-paragraph\">Entre los factores que pueden generar situaciones de vulnerabilidad mencion\u00f3 experiencias como rupturas de pareja, divorcios traum\u00e1ticos, situaciones de abuso, consumos problem\u00e1ticos o p\u00e9rdidas laborales. Tambi\u00e9n llam\u00f3 la atenci\u00f3n sobre determinados cambios en el comportamiento, como el aislamiento, la dificultad para comunicarse, la desesperanza, los pensamientos negativos persistentes y las conductas impulsivas o disruptivas.<\/p>\n\n\n\n<p class=\"wp-block-paragraph\">En particular, destac\u00f3 la necesidad de prestar atenci\u00f3n a determinadas manifestaciones de la depresi\u00f3n que pueden presentarse de manera diferente seg\u00fan cada persona. \u201cEn los hombres muchas veces la depresi\u00f3n puede aparecer de manera solapada, a trav\u00e9s de irritabilidad, reacciones exageradas o conductas que pueden interpretarse solamente como enojo o agresividad. Es importante poder mirar qu\u00e9 hay detr\u00e1s de esas manifestaciones\u201d, explic\u00f3.<\/p>\n\n\n\n<p class=\"wp-block-paragraph\">Por este motivo, desde Salud Mental se insiste en la importancia de acompa\u00f1ar, escuchar sin juzgar y favorecer la consulta temprana, especialmente cuando existen antecedentes de padecimientos de salud mental o situaciones de crisis.<\/p>\n\n\n\n<p class=\"wp-block-paragraph\">Desde el Ministerio de Salud P\u00fablica se recuerda que la comunidad cuenta con distintas v\u00edas de atenci\u00f3n y orientaci\u00f3n en salud mental. La l\u00ednea 135 brinda atenci\u00f3n psicol\u00f3gica las 24 horas, de manera gratuita, ante situaciones de urgencia o crisis. Tambi\u00e9n se encuentra disponible el servicio de telepsicolog\u00eda a trav\u00e9s del 0800-122-1555, destinado a brindar orientaci\u00f3n y acompa\u00f1amiento profesional.<\/p>\n\n\n\n<p class=\"wp-block-paragraph\">Adem\u00e1s, Tucum\u00e1n cuenta con una amplia red de atenci\u00f3n primaria, con profesionales de psicolog\u00eda distribuidos en los CAPS de la provincia, incluyendo atenci\u00f3n en distintos horarios. \u201cEn nuestra provincia tenemos m\u00e1s de 200 CAPS con psic\u00f3logos. Han crecido los recursos humanos de psicolog\u00eda en la atenci\u00f3n primaria de la salud, justamente para poder dar respuesta a esta situaci\u00f3n que estamos viviendo a nivel mundial, nacional y provincial\u201d, destac\u00f3 Thomas.<\/p>\n\n\n\n<p class=\"wp-block-paragraph\">Desde el Ministerio remarcan que mejorar los registros y contar con informaci\u00f3n m\u00e1s precisa permite tambi\u00e9n fortalecer las estrategias de prevenci\u00f3n y orientar los recursos hacia las distintas \u00e1reas operativas de la provincia.<\/p>\n\n\n\n<p class=\"wp-block-paragraph\">En este sentido, las actividades previstas durante septiembre buscan no solo conmemorar una fecha, sino fortalecer una pol\u00edtica de prevenci\u00f3n sostenida, promover redes comunitarias de cuidado y facilitar el acceso a la atenci\u00f3n antes de que una situaci\u00f3n de sufrimiento se agrave.<\/p>\n","protected":false},"excerpt":{"rendered":"<p>Durante septiembre se desarrollar\u00e1n jornadas comunitarias, espacios de reflexi\u00f3n, capacitaciones y encuentros con estudiantes para&#8230;<\/p>\n","protected":false},"author":2,"featured_media":71303,"comment_status":"open","ping_status":"open","sticky":false,"template":"","format":"standard","meta":{"footnotes":"","_members_access_role":[],"_members_access_error":""},"categories":[2],"tags":[],"class_list":["post-71302","post","type-post","status-publish","format-standard","has-post-thumbnail","hentry","category-locales"],"_links":{"self":[{"href":"https:\/\/masquenoticiastucuman.com.ar\/index.php?rest_route=\/wp\/v2\/posts\/71302","targetHints":{"allow":["GET"]}}],"collection":[{"href":"https:\/\/masquenoticiastucuman.com.ar\/index.php?rest_route=\/wp\/v2\/posts"}],"about":[{"href":"https:\/\/masquenoticiastucuman.com.ar\/index.php?rest_route=\/wp\/v2\/types\/post"}],"author":[{"embeddable":true,"href":"https:\/\/masquenoticiastucuman.com.ar\/index.php?rest_route=\/wp\/v2\/users\/2"}],"replies":[{"embeddable":true,"href":"https:\/\/masquenoticiastucuman.com.ar\/index.php?rest_route=%2Fwp%2Fv2%2Fcomments&post=71302"}],"version-history":[{"count":1,"href":"https:\/\/masquenoticiastucuman.com.ar\/index.php?rest_route=\/wp\/v2\/posts\/71302\/revisions"}],"predecessor-version":[{"id":71304,"href":"https:\/\/masquenoticiastucuman.com.ar\/index.php?rest_route=\/wp\/v2\/posts\/71302\/revisions\/71304"}],"wp:featuredmedia":[{"embeddable":true,"href":"https:\/\/masquenoticiastucuman.com.ar\/index.php?rest_route=\/wp\/v2\/media\/71303"}],"wp:attachment":[{"href":"https:\/\/masquenoticiastucuman.com.ar\/index.php?rest_route=%2Fwp%2Fv2%2Fmedia&parent=71302"}],"wp:term":[{"taxonomy":"category","embeddable":true,"href":"https:\/\/masquenoticiastucuman.com.ar\/index.php?rest_route=%2Fwp%2Fv2%2Fcategories&post=71302"},{"taxonomy":"post_tag","embeddable":true,"href":"https:\/\/masquenoticiastucuman.com.ar\/index.php?rest_route=%2Fwp%2Fv2%2Ftags&post=71302"}],"curies":[{"name":"wp","href":"https:\/\/api.w.org\/{rel}","templated":true}]}}