{"id":71305,"date":"2026-09-02T13:36:15","date_gmt":"2026-09-02T16:36:15","guid":{"rendered":"http:\/\/masquenoticiastucuman.com.ar\/?p=71305"},"modified":"2026-09-02T13:36:15","modified_gmt":"2026-09-02T16:36:15","slug":"comenzaron-a-llegar-los-telegramas-crece-la-incertidumbre-en-un-pueblo-bonaerense-por-el-cierre-de-una-planta-avicola-y-la-posibilidad-de-numerosos-despidos","status":"publish","type":"post","link":"https:\/\/masquenoticiastucuman.com.ar\/?p=71305","title":{"rendered":"Comenzaron a llegar los telegramas: crece la incertidumbre en un pueblo bonaerense por el cierre de una planta av\u00edcola y la posibilidad de numerosos despidos"},"content":{"rendered":"<ul>\n<li>El cierre &#8220;hasta pr\u00f3ximo aviso&#8221; de la planta de Granja Tres Arroyos en Capit\u00e1n Sarmiento involucra a m\u00e1s de 1.000 empleados, de los cuales 864 son de la ciudad.<\/li>\n<li>La intendenta del municipio, Fernanda Astorino, dio detalles de la situaci\u00f3n de la f\u00e1brica y sostuvo que desde la firma le anticiparon que habr\u00e1 un recorte &#8220;bastante importante&#8221; de personal.<\/li>\n<\/ul>\n<p>\u200bEl cierre &#8220;hasta pr\u00f3ximo aviso&#8221; de la planta de Granja Tres Arroyos en Capit\u00e1n Sarmiento involucra a m\u00e1s de 1.000 empleados, de los cuales 864 son de la ciudad.La intendenta del municipio, Fernanda Astorino, dio detalles de la situaci\u00f3n de la f\u00e1brica y sostuvo que desde la firma le anticiparon que habr\u00e1 un recorte &#8220;bastante importante&#8221; de personal.\u00a0<a href=\"https:\/\/www.clarin.com\/rural\/comenzaron-llegar-telegramas-crece-incertidumbre-pueblo-bonaerense-cierre-planta-avicola-posibilidad-numerosos-despidos_0_k9HLnIoH7l.html\" target=\"_blank\" class=\"feedzy-rss-link-icon\">Read More<\/a><\/p>","protected":false},"excerpt":{"rendered":"<p>El cierre &#8220;hasta pr\u00f3ximo aviso&#8221; de la planta de Granja Tres Arroyos en Capit\u00e1n Sarmiento&#8230;<\/p>\n","protected":false},"author":1,"featured_media":0,"comment_status":"open","ping_status":"open","sticky":false,"template":"","format":"standard","meta":{"footnotes":"","_members_access_role":[],"_members_access_error":""},"categories":[3],"tags":[],"class_list":["post-71305","post","type-post","status-publish","format-standard","has-post-thumbnail","hentry","category-nacionales"],"_links":{"self":[{"href":"https:\/\/masquenoticiastucuman.com.ar\/index.php?rest_route=\/wp\/v2\/posts\/71305","targetHints":{"allow":["GET"]}}],"collection":[{"href":"https:\/\/masquenoticiastucuman.com.ar\/index.php?rest_route=\/wp\/v2\/posts"}],"about":[{"href":"https:\/\/masquenoticiastucuman.com.ar\/index.php?rest_route=\/wp\/v2\/types\/post"}],"author":[{"embeddable":true,"href":"https:\/\/masquenoticiastucuman.com.ar\/index.php?rest_route=\/wp\/v2\/users\/1"}],"replies":[{"embeddable":true,"href":"https:\/\/masquenoticiastucuman.com.ar\/index.php?rest_route=%2Fwp%2Fv2%2Fcomments&post=71305"}],"version-history":[{"count":0,"href":"https:\/\/masquenoticiastucuman.com.ar\/index.php?rest_route=\/wp\/v2\/posts\/71305\/revisions"}],"wp:attachment":[{"href":"https:\/\/masquenoticiastucuman.com.ar\/index.php?rest_route=%2Fwp%2Fv2%2Fmedia&parent=71305"}],"wp:term":[{"taxonomy":"category","embeddable":true,"href":"https:\/\/masquenoticiastucuman.com.ar\/index.php?rest_route=%2Fwp%2Fv2%2Fcategories&post=71305"},{"taxonomy":"post_tag","embeddable":true,"href":"https:\/\/masquenoticiastucuman.com.ar\/index.php?rest_route=%2Fwp%2Fv2%2Ftags&post=71305"}],"curies":[{"name":"wp","href":"https:\/\/api.w.org\/{rel}","templated":true}]}}