{"id":71306,"date":"2026-09-02T13:10:33","date_gmt":"2026-09-02T16:10:33","guid":{"rendered":"http:\/\/masquenoticiastucuman.com.ar\/?p=71306"},"modified":"2026-09-02T13:10:33","modified_gmt":"2026-09-02T16:10:33","slug":"por-la-mejora-en-su-calificacion-los-bonos-del-gobierno-de-la-ciudad-seran-elegibles-para-las-inversiones-de-los-fondos-fal","status":"publish","type":"post","link":"https:\/\/masquenoticiastucuman.com.ar\/?p=71306","title":{"rendered":"Por la mejora en su calificaci\u00f3n, los bonos del gobierno de la Ciudad ser\u00e1n elegibles para las inversiones de los fondos FAL"},"content":{"rendered":"<ul>\n<li>Standard &amp; Poor&#8217;s reclasific\u00f3 a los t\u00edtulos p\u00fablicos emitidos por la administraci\u00f3n porte\u00f1a.<\/li>\n<li>De esa forma, tendr\u00e1 los \u00fanicos bonos a los que se puede destinar dinero del nuevo esquema FAL que empezar\u00e1 en noviembre. <\/li>\n<\/ul>\n<p>\u200bStandard &amp; Poor&#8217;s reclasific\u00f3 a los t\u00edtulos p\u00fablicos emitidos por la administraci\u00f3n porte\u00f1a.De esa forma, tendr\u00e1 los \u00fanicos bonos a los que se puede destinar dinero del nuevo esquema FAL que empezar\u00e1 en noviembre.\u00a0<a href=\"https:\/\/www.clarin.com\/economia\/mejora-calificacion-bonos-gobierno-ciudad-elegibles-inversiones-fondos-fal_0_inZGsECtRn.html\" target=\"_blank\" class=\"feedzy-rss-link-icon\">Read More<\/a><\/p>","protected":false},"excerpt":{"rendered":"<p>Standard &amp; Poor&#8217;s reclasific\u00f3 a los t\u00edtulos p\u00fablicos emitidos por la administraci\u00f3n porte\u00f1a. De esa&#8230;<\/p>\n","protected":false},"author":1,"featured_media":0,"comment_status":"open","ping_status":"open","sticky":false,"template":"","format":"standard","meta":{"footnotes":"","_members_access_role":[],"_members_access_error":""},"categories":[3],"tags":[],"class_list":["post-71306","post","type-post","status-publish","format-standard","has-post-thumbnail","hentry","category-nacionales"],"_links":{"self":[{"href":"https:\/\/masquenoticiastucuman.com.ar\/index.php?rest_route=\/wp\/v2\/posts\/71306","targetHints":{"allow":["GET"]}}],"collection":[{"href":"https:\/\/masquenoticiastucuman.com.ar\/index.php?rest_route=\/wp\/v2\/posts"}],"about":[{"href":"https:\/\/masquenoticiastucuman.com.ar\/index.php?rest_route=\/wp\/v2\/types\/post"}],"author":[{"embeddable":true,"href":"https:\/\/masquenoticiastucuman.com.ar\/index.php?rest_route=\/wp\/v2\/users\/1"}],"replies":[{"embeddable":true,"href":"https:\/\/masquenoticiastucuman.com.ar\/index.php?rest_route=%2Fwp%2Fv2%2Fcomments&post=71306"}],"version-history":[{"count":0,"href":"https:\/\/masquenoticiastucuman.com.ar\/index.php?rest_route=\/wp\/v2\/posts\/71306\/revisions"}],"wp:attachment":[{"href":"https:\/\/masquenoticiastucuman.com.ar\/index.php?rest_route=%2Fwp%2Fv2%2Fmedia&parent=71306"}],"wp:term":[{"taxonomy":"category","embeddable":true,"href":"https:\/\/masquenoticiastucuman.com.ar\/index.php?rest_route=%2Fwp%2Fv2%2Fcategories&post=71306"},{"taxonomy":"post_tag","embeddable":true,"href":"https:\/\/masquenoticiastucuman.com.ar\/index.php?rest_route=%2Fwp%2Fv2%2Ftags&post=71306"}],"curies":[{"name":"wp","href":"https:\/\/api.w.org\/{rel}","templated":true}]}}