{"id":71307,"date":"2026-09-02T13:07:17","date_gmt":"2026-09-02T16:07:17","guid":{"rendered":"http:\/\/masquenoticiastucuman.com.ar\/?p=71307"},"modified":"2026-09-02T13:07:17","modified_gmt":"2026-09-02T16:07:17","slug":"el-gobierno-de-bolivia-ordena-intervenir-la-petrolera-estatal-por-la-crisis-de-combustibles","status":"publish","type":"post","link":"https:\/\/masquenoticiastucuman.com.ar\/?p=71307","title":{"rendered":"El gobierno de Bolivia ordena intervenir la petrolera estatal por la crisis de combustibles"},"content":{"rendered":"<ul>\n<li>El presidente de centro Rodrigo Paz inform\u00f3 que la medida ser\u00e1 &#8220;temporal&#8221; y apunta a &#8220;proteger los intereses del Estado&#8221;.<\/li>\n<li>La escasez de nafta y gasoil desat\u00f3 fuertes protestas en el pa\u00eds en los \u00faltimos meses y refleja una crisis econ\u00f3mica m\u00e1s amplia y profunda.<\/li>\n<\/ul>\n<p>\u200bEl presidente de centro Rodrigo Paz inform\u00f3 que la medida ser\u00e1 &#8220;temporal&#8221; y apunta a &#8220;proteger los intereses del Estado&#8221;.La escasez de nafta y gasoil desat\u00f3 fuertes protestas en el pa\u00eds en los \u00faltimos meses y refleja una crisis econ\u00f3mica m\u00e1s amplia y profunda.\u00a0<a href=\"https:\/\/www.clarin.com\/mundo\/gobierno-bolivia-ordena-intervenir-petrolera-estatal-crisis-combustibles_0_QIjvIA08QS.html\" target=\"_blank\" class=\"feedzy-rss-link-icon\">Read More<\/a><\/p>","protected":false},"excerpt":{"rendered":"<p>El presidente de centro Rodrigo Paz inform\u00f3 que la medida ser\u00e1 &#8220;temporal&#8221; y apunta a&#8230;<\/p>\n","protected":false},"author":1,"featured_media":71308,"comment_status":"open","ping_status":"open","sticky":false,"template":"","format":"standard","meta":{"footnotes":"","_members_access_role":[],"_members_access_error":""},"categories":[4],"tags":[],"class_list":["post-71307","post","type-post","status-publish","format-standard","has-post-thumbnail","hentry","category-internacionales"],"_links":{"self":[{"href":"https:\/\/masquenoticiastucuman.com.ar\/index.php?rest_route=\/wp\/v2\/posts\/71307","targetHints":{"allow":["GET"]}}],"collection":[{"href":"https:\/\/masquenoticiastucuman.com.ar\/index.php?rest_route=\/wp\/v2\/posts"}],"about":[{"href":"https:\/\/masquenoticiastucuman.com.ar\/index.php?rest_route=\/wp\/v2\/types\/post"}],"author":[{"embeddable":true,"href":"https:\/\/masquenoticiastucuman.com.ar\/index.php?rest_route=\/wp\/v2\/users\/1"}],"replies":[{"embeddable":true,"href":"https:\/\/masquenoticiastucuman.com.ar\/index.php?rest_route=%2Fwp%2Fv2%2Fcomments&post=71307"}],"version-history":[{"count":0,"href":"https:\/\/masquenoticiastucuman.com.ar\/index.php?rest_route=\/wp\/v2\/posts\/71307\/revisions"}],"wp:featuredmedia":[{"embeddable":true,"href":"https:\/\/masquenoticiastucuman.com.ar\/index.php?rest_route=\/wp\/v2\/media\/71308"}],"wp:attachment":[{"href":"https:\/\/masquenoticiastucuman.com.ar\/index.php?rest_route=%2Fwp%2Fv2%2Fmedia&parent=71307"}],"wp:term":[{"taxonomy":"category","embeddable":true,"href":"https:\/\/masquenoticiastucuman.com.ar\/index.php?rest_route=%2Fwp%2Fv2%2Fcategories&post=71307"},{"taxonomy":"post_tag","embeddable":true,"href":"https:\/\/masquenoticiastucuman.com.ar\/index.php?rest_route=%2Fwp%2Fv2%2Ftags&post=71307"}],"curies":[{"name":"wp","href":"https:\/\/api.w.org\/{rel}","templated":true}]}}