{"id":71309,"date":"2026-09-02T12:54:12","date_gmt":"2026-09-02T15:54:12","guid":{"rendered":"http:\/\/masquenoticiastucuman.com.ar\/?p=71309"},"modified":"2026-09-02T12:54:12","modified_gmt":"2026-09-02T15:54:12","slug":"despues-del-lago-ontario-ahora-trump-quiere-llamar-el-estrecho-de-ormuz-estrecho-de-trump","status":"publish","type":"post","link":"https:\/\/masquenoticiastucuman.com.ar\/?p=71309","title":{"rendered":"Despu\u00e9s del Lago Ontario, ahora Trump quiere llamar el Estrecho de Ormuz, &#8220;Estrecho de Trump&#8221;"},"content":{"rendered":"<ul>\n<li>&#8220;Ahora que est\u00e1 bajo control de Estados Unidos, \u00bfdeber\u00edamos cambiarle el nombre?&#8221;, escribi\u00f3 en su cuenta de Truth Social.<\/li>\n<li>Trump ya firm\u00f3 dos decretos para cambiarle el nombre el Golfo de M\u00e9xico y la lago Ontario.<\/li>\n<\/ul>\n<p>\u200b&#8221;Ahora que est\u00e1 bajo control de Estados Unidos, \u00bfdeber\u00edamos cambiarle el nombre?&#8221;, escribi\u00f3 en su cuenta de Truth Social.Trump ya firm\u00f3 dos decretos para cambiarle el nombre el Golfo de M\u00e9xico y la lago Ontario.\u00a0<a href=\"https:\/\/www.clarin.com\/mundo\/despues-lago-ontario-ahora-trump-quiere-llamar-estrecho-ormuz-estrecho-trump_0_QVIOxyZ316.html\" target=\"_blank\" class=\"feedzy-rss-link-icon\">Read More<\/a><\/p>","protected":false},"excerpt":{"rendered":"<p>&#8220;Ahora que est\u00e1 bajo control de Estados Unidos, \u00bfdeber\u00edamos cambiarle el nombre?&#8221;, escribi\u00f3 en su&#8230;<\/p>\n","protected":false},"author":1,"featured_media":71310,"comment_status":"open","ping_status":"open","sticky":false,"template":"","format":"standard","meta":{"footnotes":"","_members_access_role":[],"_members_access_error":""},"categories":[4],"tags":[],"class_list":["post-71309","post","type-post","status-publish","format-standard","has-post-thumbnail","hentry","category-internacionales"],"_links":{"self":[{"href":"https:\/\/masquenoticiastucuman.com.ar\/index.php?rest_route=\/wp\/v2\/posts\/71309","targetHints":{"allow":["GET"]}}],"collection":[{"href":"https:\/\/masquenoticiastucuman.com.ar\/index.php?rest_route=\/wp\/v2\/posts"}],"about":[{"href":"https:\/\/masquenoticiastucuman.com.ar\/index.php?rest_route=\/wp\/v2\/types\/post"}],"author":[{"embeddable":true,"href":"https:\/\/masquenoticiastucuman.com.ar\/index.php?rest_route=\/wp\/v2\/users\/1"}],"replies":[{"embeddable":true,"href":"https:\/\/masquenoticiastucuman.com.ar\/index.php?rest_route=%2Fwp%2Fv2%2Fcomments&post=71309"}],"version-history":[{"count":0,"href":"https:\/\/masquenoticiastucuman.com.ar\/index.php?rest_route=\/wp\/v2\/posts\/71309\/revisions"}],"wp:featuredmedia":[{"embeddable":true,"href":"https:\/\/masquenoticiastucuman.com.ar\/index.php?rest_route=\/wp\/v2\/media\/71310"}],"wp:attachment":[{"href":"https:\/\/masquenoticiastucuman.com.ar\/index.php?rest_route=%2Fwp%2Fv2%2Fmedia&parent=71309"}],"wp:term":[{"taxonomy":"category","embeddable":true,"href":"https:\/\/masquenoticiastucuman.com.ar\/index.php?rest_route=%2Fwp%2Fv2%2Fcategories&post=71309"},{"taxonomy":"post_tag","embeddable":true,"href":"https:\/\/masquenoticiastucuman.com.ar\/index.php?rest_route=%2Fwp%2Fv2%2Ftags&post=71309"}],"curies":[{"name":"wp","href":"https:\/\/api.w.org\/{rel}","templated":true}]}}