{"id":71311,"date":"2026-09-02T13:40:25","date_gmt":"2026-09-02T16:40:25","guid":{"rendered":"http:\/\/masquenoticiastucuman.com.ar\/?p=71311"},"modified":"2026-09-02T13:40:25","modified_gmt":"2026-09-02T16:40:25","slug":"pincoya-eliminada-de-gran-hermano-le-habia-pedido-a-mi-marido-que-nadie-se-endeudara-para-salvarme-en-la-votacion-y-me-hizo-caso","status":"publish","type":"post","link":"https:\/\/masquenoticiastucuman.com.ar\/?p=71311","title":{"rendered":"Pincoya, eliminada de Gran Hermano: &#8220;Le hab\u00eda pedido a mi marido que nadie se endeudara para salvarme en la votaci\u00f3n y me hizo caso&#8221;"},"content":{"rendered":"<ul>\n<li>El lunes qued\u00f3 fuera de la casa, frente a la uruguaya Yipio, con el 58,1 por ciento de los votos negativos del p\u00fablico.<\/li>\n<li>En honor a qui\u00e9n se puso ese apodo.<\/li>\n<li>C\u00f3mo fueron sus seis meses adentro de la casa.<\/li>\n<li>Su favorita para ganar esta temporada, en una final de mujeres.<\/li>\n<\/ul>\n<p>\u200bEl lunes qued\u00f3 fuera de la casa, frente a la uruguaya Yipio, con el 58,1 por ciento de los votos negativos del p\u00fablico.En honor a qui\u00e9n se puso ese apodo.C\u00f3mo fueron sus seis meses adentro de la casa.Su favorita para ganar esta temporada, en una final de mujeres.\u00a0<a href=\"https:\/\/www.clarin.com\/espectaculos\/pincoya-eliminada-gran-hermano-pedido-marido-nadie-endeudara-salvarme-votacion-hizo-caso_0_mW7P10XHCu.html\" target=\"_blank\" class=\"feedzy-rss-link-icon\">Read More<\/a><\/p>","protected":false},"excerpt":{"rendered":"<p>El lunes qued\u00f3 fuera de la casa, frente a la uruguaya Yipio, con el 58,1&#8230;<\/p>\n","protected":false},"author":1,"featured_media":0,"comment_status":"open","ping_status":"open","sticky":false,"template":"","format":"standard","meta":{"footnotes":"","_members_access_role":[],"_members_access_error":""},"categories":[5],"tags":[],"class_list":["post-71311","post","type-post","status-publish","format-standard","has-post-thumbnail","hentry","category-espectaculo"],"_links":{"self":[{"href":"https:\/\/masquenoticiastucuman.com.ar\/index.php?rest_route=\/wp\/v2\/posts\/71311","targetHints":{"allow":["GET"]}}],"collection":[{"href":"https:\/\/masquenoticiastucuman.com.ar\/index.php?rest_route=\/wp\/v2\/posts"}],"about":[{"href":"https:\/\/masquenoticiastucuman.com.ar\/index.php?rest_route=\/wp\/v2\/types\/post"}],"author":[{"embeddable":true,"href":"https:\/\/masquenoticiastucuman.com.ar\/index.php?rest_route=\/wp\/v2\/users\/1"}],"replies":[{"embeddable":true,"href":"https:\/\/masquenoticiastucuman.com.ar\/index.php?rest_route=%2Fwp%2Fv2%2Fcomments&post=71311"}],"version-history":[{"count":0,"href":"https:\/\/masquenoticiastucuman.com.ar\/index.php?rest_route=\/wp\/v2\/posts\/71311\/revisions"}],"wp:attachment":[{"href":"https:\/\/masquenoticiastucuman.com.ar\/index.php?rest_route=%2Fwp%2Fv2%2Fmedia&parent=71311"}],"wp:term":[{"taxonomy":"category","embeddable":true,"href":"https:\/\/masquenoticiastucuman.com.ar\/index.php?rest_route=%2Fwp%2Fv2%2Fcategories&post=71311"},{"taxonomy":"post_tag","embeddable":true,"href":"https:\/\/masquenoticiastucuman.com.ar\/index.php?rest_route=%2Fwp%2Fv2%2Ftags&post=71311"}],"curies":[{"name":"wp","href":"https:\/\/api.w.org\/{rel}","templated":true}]}}