{"id":71312,"date":"2026-09-02T13:16:34","date_gmt":"2026-09-02T16:16:34","guid":{"rendered":"http:\/\/masquenoticiastucuman.com.ar\/?p=71312"},"modified":"2026-09-02T13:16:34","modified_gmt":"2026-09-02T16:16:34","slug":"racing-negocia-contrarreloj-por-la-nueva-joya-del-futbol-cordobes-el-conflicto-que-demora-su-llegada","status":"publish","type":"post","link":"https:\/\/masquenoticiastucuman.com.ar\/?p=71312","title":{"rendered":"Racing negocia contrarreloj por la nueva joya del f\u00fatbol cordob\u00e9s: el conflicto que demora su llegada"},"content":{"rendered":"<ul>\n<li>Se trata de Leandro C\u00f3rdoba, que llega del Racing de la provincia mediterr\u00e1nea.<\/li>\n<li>Viaj\u00f3 a Buenos Aires y hasta se hizo la revisi\u00f3n m\u00e9dica, pero en la Academia cordobesa est\u00e1n furiosos.<\/li>\n<\/ul>\n<p>\u200bSe trata de Leandro C\u00f3rdoba, que llega del Racing de la provincia mediterr\u00e1nea.Viaj\u00f3 a Buenos Aires y hasta se hizo la revisi\u00f3n m\u00e9dica, pero en la Academia cordobesa est\u00e1n furiosos.\u00a0<a href=\"https:\/\/www.clarin.com\/deportes\/racing-negocia-contrarreloj-nueva-joya-futbol-cordobes-conflicto-demora-llegada_0_1o1wBPS7Z8.html\" target=\"_blank\" class=\"feedzy-rss-link-icon\">Read More<\/a><\/p>","protected":false},"excerpt":{"rendered":"<p>Se trata de Leandro C\u00f3rdoba, que llega del Racing de la provincia mediterr\u00e1nea. Viaj\u00f3 a&#8230;<\/p>\n","protected":false},"author":1,"featured_media":0,"comment_status":"open","ping_status":"open","sticky":false,"template":"","format":"standard","meta":{"footnotes":"","_members_access_role":[],"_members_access_error":""},"categories":[6],"tags":[],"class_list":["post-71312","post","type-post","status-publish","format-standard","has-post-thumbnail","hentry","category-deportes"],"_links":{"self":[{"href":"https:\/\/masquenoticiastucuman.com.ar\/index.php?rest_route=\/wp\/v2\/posts\/71312","targetHints":{"allow":["GET"]}}],"collection":[{"href":"https:\/\/masquenoticiastucuman.com.ar\/index.php?rest_route=\/wp\/v2\/posts"}],"about":[{"href":"https:\/\/masquenoticiastucuman.com.ar\/index.php?rest_route=\/wp\/v2\/types\/post"}],"author":[{"embeddable":true,"href":"https:\/\/masquenoticiastucuman.com.ar\/index.php?rest_route=\/wp\/v2\/users\/1"}],"replies":[{"embeddable":true,"href":"https:\/\/masquenoticiastucuman.com.ar\/index.php?rest_route=%2Fwp%2Fv2%2Fcomments&post=71312"}],"version-history":[{"count":0,"href":"https:\/\/masquenoticiastucuman.com.ar\/index.php?rest_route=\/wp\/v2\/posts\/71312\/revisions"}],"wp:attachment":[{"href":"https:\/\/masquenoticiastucuman.com.ar\/index.php?rest_route=%2Fwp%2Fv2%2Fmedia&parent=71312"}],"wp:term":[{"taxonomy":"category","embeddable":true,"href":"https:\/\/masquenoticiastucuman.com.ar\/index.php?rest_route=%2Fwp%2Fv2%2Fcategories&post=71312"},{"taxonomy":"post_tag","embeddable":true,"href":"https:\/\/masquenoticiastucuman.com.ar\/index.php?rest_route=%2Fwp%2Fv2%2Ftags&post=71312"}],"curies":[{"name":"wp","href":"https:\/\/api.w.org\/{rel}","templated":true}]}}