{"id":71313,"date":"2026-09-02T13:00:38","date_gmt":"2026-09-02T16:00:38","guid":{"rendered":"http:\/\/masquenoticiastucuman.com.ar\/?p=71313"},"modified":"2026-09-02T13:00:38","modified_gmt":"2026-09-02T16:00:38","slug":"nicolas-russo-el-presidente-de-lanus-exploto-con-la-afa-y-apunto-contra-los-arbitros-beligoy-cumplio-un-ciclo","status":"publish","type":"post","link":"https:\/\/masquenoticiastucuman.com.ar\/?p=71313","title":{"rendered":"Nicol\u00e1s Russo, el presidente de Lan\u00fas, explot\u00f3 con la AFA y apunt\u00f3 contra los \u00e1rbitros: &#8220;Beligoy cumpli\u00f3 un ciclo&#8221;"},"content":{"rendered":"<ul>\n<li>El hist\u00f3rico dirigente, af\u00edn a Chiqui Tapia, se sinti\u00f3 perjudicado en el partido contra Boca.<\/li>\n<li>Fue porque el VAR Germ\u00e1n Delfino no llam\u00f3 al \u00e1rbitro D\u00f3valo para expulsar al chico Flores.<\/li>\n<li>En declaraciones radiales exigi\u00f3 cambios en la conducci\u00f3n de los refer\u00eds.<\/li>\n<\/ul>\n<p>\u200bEl hist\u00f3rico dirigente, af\u00edn a Chiqui Tapia, se sinti\u00f3 perjudicado en el partido contra Boca.Fue porque el VAR Germ\u00e1n Delfino no llam\u00f3 al \u00e1rbitro D\u00f3valo para expulsar al chico Flores.En declaraciones radiales exigi\u00f3 cambios en la conducci\u00f3n de los refer\u00eds.\u00a0<a href=\"https:\/\/www.clarin.com\/deportes\/nicolas-russo-presidente-lanus-exploto-afa-apunto-arbitros-beligoy-cumplio-ciclo_0_cAhWWZRb7j.html\" target=\"_blank\" class=\"feedzy-rss-link-icon\">Read More<\/a><\/p>","protected":false},"excerpt":{"rendered":"<p>El hist\u00f3rico dirigente, af\u00edn a Chiqui Tapia, se sinti\u00f3 perjudicado en el partido contra Boca&#8230;.<\/p>\n","protected":false},"author":1,"featured_media":0,"comment_status":"open","ping_status":"open","sticky":false,"template":"","format":"standard","meta":{"footnotes":"","_members_access_role":[],"_members_access_error":""},"categories":[6],"tags":[],"class_list":["post-71313","post","type-post","status-publish","format-standard","has-post-thumbnail","hentry","category-deportes"],"_links":{"self":[{"href":"https:\/\/masquenoticiastucuman.com.ar\/index.php?rest_route=\/wp\/v2\/posts\/71313","targetHints":{"allow":["GET"]}}],"collection":[{"href":"https:\/\/masquenoticiastucuman.com.ar\/index.php?rest_route=\/wp\/v2\/posts"}],"about":[{"href":"https:\/\/masquenoticiastucuman.com.ar\/index.php?rest_route=\/wp\/v2\/types\/post"}],"author":[{"embeddable":true,"href":"https:\/\/masquenoticiastucuman.com.ar\/index.php?rest_route=\/wp\/v2\/users\/1"}],"replies":[{"embeddable":true,"href":"https:\/\/masquenoticiastucuman.com.ar\/index.php?rest_route=%2Fwp%2Fv2%2Fcomments&post=71313"}],"version-history":[{"count":0,"href":"https:\/\/masquenoticiastucuman.com.ar\/index.php?rest_route=\/wp\/v2\/posts\/71313\/revisions"}],"wp:attachment":[{"href":"https:\/\/masquenoticiastucuman.com.ar\/index.php?rest_route=%2Fwp%2Fv2%2Fmedia&parent=71313"}],"wp:term":[{"taxonomy":"category","embeddable":true,"href":"https:\/\/masquenoticiastucuman.com.ar\/index.php?rest_route=%2Fwp%2Fv2%2Fcategories&post=71313"},{"taxonomy":"post_tag","embeddable":true,"href":"https:\/\/masquenoticiastucuman.com.ar\/index.php?rest_route=%2Fwp%2Fv2%2Ftags&post=71313"}],"curies":[{"name":"wp","href":"https:\/\/api.w.org\/{rel}","templated":true}]}}