{"id":71314,"date":"2026-09-02T15:31:51","date_gmt":"2026-09-02T18:31:51","guid":{"rendered":"http:\/\/masquenoticiastucuman.com.ar\/?p=71314"},"modified":"2026-09-02T15:31:51","modified_gmt":"2026-09-02T18:31:51","slug":"daza-vice-de-caputo-se-que-hay-mucha-impaciencia-pero-milei-esta-realizando-una-gesta-epica","status":"publish","type":"post","link":"https:\/\/masquenoticiastucuman.com.ar\/?p=71314","title":{"rendered":"Daza, vice de Caputo: &#8220;S\u00e9 que hay mucha impaciencia, pero Milei est\u00e1 realizando una gesta \u00e9pica&#8221;"},"content":{"rendered":"<ul>\n<li>El viceministro dijo que va a haber un derrame de la miner\u00eda y la energ\u00eda.<\/li>\n<li>Dijo que Caputo es el &#8220;Messi de las finanzas&#8221; que necesitaba el pa\u00eds.<\/li>\n<\/ul>\n<p>\u200bEl viceministro dijo que va a haber un derrame de la miner\u00eda y la energ\u00eda.Dijo que Caputo es el &#8220;Messi de las finanzas&#8221; que necesitaba el pa\u00eds.\u00a0<a href=\"https:\/\/www.clarin.com\/economia\/daza-vice-caputo-mucha-impaciencia-milei-realizando-gesta-epica_0_5aSkd2pTv6.html\" target=\"_blank\" class=\"feedzy-rss-link-icon\">Read More<\/a><\/p>","protected":false},"excerpt":{"rendered":"<p>El viceministro dijo que va a haber un derrame de la miner\u00eda y la energ\u00eda&#8230;.<\/p>\n","protected":false},"author":1,"featured_media":0,"comment_status":"open","ping_status":"open","sticky":false,"template":"","format":"standard","meta":{"footnotes":"","_members_access_role":[],"_members_access_error":""},"categories":[3],"tags":[],"class_list":["post-71314","post","type-post","status-publish","format-standard","has-post-thumbnail","hentry","category-nacionales"],"_links":{"self":[{"href":"https:\/\/masquenoticiastucuman.com.ar\/index.php?rest_route=\/wp\/v2\/posts\/71314","targetHints":{"allow":["GET"]}}],"collection":[{"href":"https:\/\/masquenoticiastucuman.com.ar\/index.php?rest_route=\/wp\/v2\/posts"}],"about":[{"href":"https:\/\/masquenoticiastucuman.com.ar\/index.php?rest_route=\/wp\/v2\/types\/post"}],"author":[{"embeddable":true,"href":"https:\/\/masquenoticiastucuman.com.ar\/index.php?rest_route=\/wp\/v2\/users\/1"}],"replies":[{"embeddable":true,"href":"https:\/\/masquenoticiastucuman.com.ar\/index.php?rest_route=%2Fwp%2Fv2%2Fcomments&post=71314"}],"version-history":[{"count":0,"href":"https:\/\/masquenoticiastucuman.com.ar\/index.php?rest_route=\/wp\/v2\/posts\/71314\/revisions"}],"wp:attachment":[{"href":"https:\/\/masquenoticiastucuman.com.ar\/index.php?rest_route=%2Fwp%2Fv2%2Fmedia&parent=71314"}],"wp:term":[{"taxonomy":"category","embeddable":true,"href":"https:\/\/masquenoticiastucuman.com.ar\/index.php?rest_route=%2Fwp%2Fv2%2Fcategories&post=71314"},{"taxonomy":"post_tag","embeddable":true,"href":"https:\/\/masquenoticiastucuman.com.ar\/index.php?rest_route=%2Fwp%2Fv2%2Ftags&post=71314"}],"curies":[{"name":"wp","href":"https:\/\/api.w.org\/{rel}","templated":true}]}}