{"id":71316,"date":"2026-09-02T14:12:49","date_gmt":"2026-09-02T17:12:49","guid":{"rendered":"http:\/\/masquenoticiastucuman.com.ar\/?p=71316"},"modified":"2026-09-02T14:12:49","modified_gmt":"2026-09-02T17:12:49","slug":"termino-la-cumbre-de-ministros-del-g20-sin-acuerdo-china-no-firmo-el-comunicado-final-y-mostro-sus-diferencias-con-estados-unidos","status":"publish","type":"post","link":"https:\/\/masquenoticiastucuman.com.ar\/?p=71316","title":{"rendered":"Termin\u00f3 la Cumbre de ministros del G20 sin acuerdo: China no firm\u00f3 el comunicado final y mostr\u00f3 sus diferencias con Estados Unidos"},"content":{"rendered":"<ul>\n<li>Las disidencias fueron sobre el libre comercio, el estrecho de Ormuz y las tierras raras.<\/li>\n<li>La reuni\u00f3n ya hab\u00eda comenzado tensa por la sorpresiva asistencia del ministro de Econom\u00eda de Rusia, invitado por los anfitriones estadounidenses.<\/li>\n<\/ul>\n<p>\u200bLas disidencias fueron sobre el libre comercio, el estrecho de Ormuz y las tierras raras.La reuni\u00f3n ya hab\u00eda comenzado tensa por la sorpresiva asistencia del ministro de Econom\u00eda de Rusia, invitado por los anfitriones estadounidenses.\u00a0<a href=\"https:\/\/www.clarin.com\/mundo\/termino-cumbre-ministros-g20-acuerdo-china-firmo-comunicado-final-mostro-diferencias-estados-unidos_0_dUD56t3ygI.html\" target=\"_blank\" class=\"feedzy-rss-link-icon\">Read More<\/a><\/p>","protected":false},"excerpt":{"rendered":"<p>Las disidencias fueron sobre el libre comercio, el estrecho de Ormuz y las tierras raras&#8230;.<\/p>\n","protected":false},"author":1,"featured_media":71317,"comment_status":"open","ping_status":"open","sticky":false,"template":"","format":"standard","meta":{"footnotes":"","_members_access_role":[],"_members_access_error":""},"categories":[4],"tags":[],"class_list":["post-71316","post","type-post","status-publish","format-standard","has-post-thumbnail","hentry","category-internacionales"],"_links":{"self":[{"href":"https:\/\/masquenoticiastucuman.com.ar\/index.php?rest_route=\/wp\/v2\/posts\/71316","targetHints":{"allow":["GET"]}}],"collection":[{"href":"https:\/\/masquenoticiastucuman.com.ar\/index.php?rest_route=\/wp\/v2\/posts"}],"about":[{"href":"https:\/\/masquenoticiastucuman.com.ar\/index.php?rest_route=\/wp\/v2\/types\/post"}],"author":[{"embeddable":true,"href":"https:\/\/masquenoticiastucuman.com.ar\/index.php?rest_route=\/wp\/v2\/users\/1"}],"replies":[{"embeddable":true,"href":"https:\/\/masquenoticiastucuman.com.ar\/index.php?rest_route=%2Fwp%2Fv2%2Fcomments&post=71316"}],"version-history":[{"count":0,"href":"https:\/\/masquenoticiastucuman.com.ar\/index.php?rest_route=\/wp\/v2\/posts\/71316\/revisions"}],"wp:featuredmedia":[{"embeddable":true,"href":"https:\/\/masquenoticiastucuman.com.ar\/index.php?rest_route=\/wp\/v2\/media\/71317"}],"wp:attachment":[{"href":"https:\/\/masquenoticiastucuman.com.ar\/index.php?rest_route=%2Fwp%2Fv2%2Fmedia&parent=71316"}],"wp:term":[{"taxonomy":"category","embeddable":true,"href":"https:\/\/masquenoticiastucuman.com.ar\/index.php?rest_route=%2Fwp%2Fv2%2Fcategories&post=71316"},{"taxonomy":"post_tag","embeddable":true,"href":"https:\/\/masquenoticiastucuman.com.ar\/index.php?rest_route=%2Fwp%2Fv2%2Ftags&post=71316"}],"curies":[{"name":"wp","href":"https:\/\/api.w.org\/{rel}","templated":true}]}}