{"id":71321,"date":"2026-09-02T14:20:51","date_gmt":"2026-09-02T17:20:51","guid":{"rendered":"http:\/\/masquenoticiastucuman.com.ar\/?p=71321"},"modified":"2026-09-02T14:20:51","modified_gmt":"2026-09-02T17:20:51","slug":"un-riquelme-para-messi-inter-miami-cerro-la-llegada-de-una-joven-promesa-brasilena-para-ganarse-un-lugar-en-la-mls","status":"publish","type":"post","link":"https:\/\/masquenoticiastucuman.com.ar\/?p=71321","title":{"rendered":"Un Riquelme para Messi: Inter Miami cerr\u00f3 la llegada de una joven promesa brasile\u00f1a para ganarse un lugar en la MLS"},"content":{"rendered":"<ul>\n<li>Se llama Riquelme Fillipi, tiene 19 a\u00f1os y llega desde Palmeiras.<\/li>\n<li>El extremo brasile\u00f1o firm\u00f3 contrato hasta 2030: su padre lo llam\u00f3 as\u00ed por Juan Rom\u00e1n..<\/li>\n<li>Comenzar\u00e1 jugando en el equipo Sub 22 mientras resuelve cuestiones administrativas.<\/li>\n<\/ul>\n<p>\u200bSe llama Riquelme Fillipi, tiene 19 a\u00f1os y llega desde Palmeiras.El extremo brasile\u00f1o firm\u00f3 contrato hasta 2030: su padre lo llam\u00f3 as\u00ed por Juan Rom\u00e1n..Comenzar\u00e1 jugando en el equipo Sub 22 mientras resuelve cuestiones administrativas.\u00a0<a href=\"https:\/\/www.clarin.com\/deportes\/riquelme-messi-inter-miami-cerro-llegada-joven-promesa-brasilena-ganarse-lugar-mls_0_aSvWz52q8b.html\" target=\"_blank\" class=\"feedzy-rss-link-icon\">Read More<\/a><\/p>","protected":false},"excerpt":{"rendered":"<p>Se llama Riquelme Fillipi, tiene 19 a\u00f1os y llega desde Palmeiras. El extremo brasile\u00f1o firm\u00f3&#8230;<\/p>\n","protected":false},"author":1,"featured_media":0,"comment_status":"open","ping_status":"open","sticky":false,"template":"","format":"standard","meta":{"footnotes":"","_members_access_role":[],"_members_access_error":""},"categories":[6],"tags":[],"class_list":["post-71321","post","type-post","status-publish","format-standard","has-post-thumbnail","hentry","category-deportes"],"_links":{"self":[{"href":"https:\/\/masquenoticiastucuman.com.ar\/index.php?rest_route=\/wp\/v2\/posts\/71321","targetHints":{"allow":["GET"]}}],"collection":[{"href":"https:\/\/masquenoticiastucuman.com.ar\/index.php?rest_route=\/wp\/v2\/posts"}],"about":[{"href":"https:\/\/masquenoticiastucuman.com.ar\/index.php?rest_route=\/wp\/v2\/types\/post"}],"author":[{"embeddable":true,"href":"https:\/\/masquenoticiastucuman.com.ar\/index.php?rest_route=\/wp\/v2\/users\/1"}],"replies":[{"embeddable":true,"href":"https:\/\/masquenoticiastucuman.com.ar\/index.php?rest_route=%2Fwp%2Fv2%2Fcomments&post=71321"}],"version-history":[{"count":0,"href":"https:\/\/masquenoticiastucuman.com.ar\/index.php?rest_route=\/wp\/v2\/posts\/71321\/revisions"}],"wp:attachment":[{"href":"https:\/\/masquenoticiastucuman.com.ar\/index.php?rest_route=%2Fwp%2Fv2%2Fmedia&parent=71321"}],"wp:term":[{"taxonomy":"category","embeddable":true,"href":"https:\/\/masquenoticiastucuman.com.ar\/index.php?rest_route=%2Fwp%2Fv2%2Fcategories&post=71321"},{"taxonomy":"post_tag","embeddable":true,"href":"https:\/\/masquenoticiastucuman.com.ar\/index.php?rest_route=%2Fwp%2Fv2%2Ftags&post=71321"}],"curies":[{"name":"wp","href":"https:\/\/api.w.org\/{rel}","templated":true}]}}