{"id":71322,"date":"2026-09-02T17:12:21","date_gmt":"2026-09-02T20:12:21","guid":{"rendered":"http:\/\/masquenoticiastucuman.com.ar\/?p=71322"},"modified":"2026-09-02T17:12:21","modified_gmt":"2026-09-02T20:12:21","slug":"la-agenda-de-las-pymes-estara-enfocada-en-la-eficiencia-la-productividad-y-el-cuidado-de-los-margenes","status":"publish","type":"post","link":"https:\/\/masquenoticiastucuman.com.ar\/?p=71322","title":{"rendered":"\u201cLa agenda de las pymes estar\u00e1 enfocada en la eficiencia, la productividad y el cuidado de los m\u00e1rgenes\u201d"},"content":{"rendered":"<p>Santiago Garc\u00eda del R\u00edo, business Development Director de Banco Galicia e integrante de honor del jurado de los Premios PYME, habl\u00f3 sobre el estr\u00e9s financiero que atraviesan las peque\u00f1as y medianas empresas.<\/p>\n<p>\u200bSantiago Garc\u00eda del R\u00edo, business Development Director de Banco Galicia e integrante de honor del jurado de los Premios PYME, habl\u00f3 sobre el estr\u00e9s financiero que atraviesan las peque\u00f1as y medianas empresas.\u00a0<a href=\"https:\/\/www.clarin.com\/economia\/agenda-pymes-enfocada-eficiencia-productividad-cuidado-margenes_0_C8sXz1XGwe.html\" target=\"_blank\" class=\"feedzy-rss-link-icon\">Read More<\/a><\/p>","protected":false},"excerpt":{"rendered":"<p>Santiago Garc\u00eda del R\u00edo, business Development Director de Banco Galicia e integrante de honor del&#8230;<\/p>\n","protected":false},"author":1,"featured_media":0,"comment_status":"open","ping_status":"open","sticky":false,"template":"","format":"standard","meta":{"footnotes":"","_members_access_role":[],"_members_access_error":""},"categories":[3],"tags":[],"class_list":["post-71322","post","type-post","status-publish","format-standard","has-post-thumbnail","hentry","category-nacionales"],"_links":{"self":[{"href":"https:\/\/masquenoticiastucuman.com.ar\/index.php?rest_route=\/wp\/v2\/posts\/71322","targetHints":{"allow":["GET"]}}],"collection":[{"href":"https:\/\/masquenoticiastucuman.com.ar\/index.php?rest_route=\/wp\/v2\/posts"}],"about":[{"href":"https:\/\/masquenoticiastucuman.com.ar\/index.php?rest_route=\/wp\/v2\/types\/post"}],"author":[{"embeddable":true,"href":"https:\/\/masquenoticiastucuman.com.ar\/index.php?rest_route=\/wp\/v2\/users\/1"}],"replies":[{"embeddable":true,"href":"https:\/\/masquenoticiastucuman.com.ar\/index.php?rest_route=%2Fwp%2Fv2%2Fcomments&post=71322"}],"version-history":[{"count":0,"href":"https:\/\/masquenoticiastucuman.com.ar\/index.php?rest_route=\/wp\/v2\/posts\/71322\/revisions"}],"wp:attachment":[{"href":"https:\/\/masquenoticiastucuman.com.ar\/index.php?rest_route=%2Fwp%2Fv2%2Fmedia&parent=71322"}],"wp:term":[{"taxonomy":"category","embeddable":true,"href":"https:\/\/masquenoticiastucuman.com.ar\/index.php?rest_route=%2Fwp%2Fv2%2Fcategories&post=71322"},{"taxonomy":"post_tag","embeddable":true,"href":"https:\/\/masquenoticiastucuman.com.ar\/index.php?rest_route=%2Fwp%2Fv2%2Ftags&post=71322"}],"curies":[{"name":"wp","href":"https:\/\/api.w.org\/{rel}","templated":true}]}}