{"id":71323,"date":"2026-09-02T16:38:53","date_gmt":"2026-09-02T19:38:53","guid":{"rendered":"http:\/\/masquenoticiastucuman.com.ar\/?p=71323"},"modified":"2026-09-02T16:38:53","modified_gmt":"2026-09-02T19:38:53","slug":"no-puedo-hacer-magia-luis-caputo-defendio-el-rumbo-economico-pero-dijo-que-en-dos-anos-todavia-va-a-haber-gente-que-no-llegue-a-fin-de-mes","status":"publish","type":"post","link":"https:\/\/masquenoticiastucuman.com.ar\/?p=71323","title":{"rendered":"&#8220;No puedo hacer magia&#8221;: Luis Caputo defendi\u00f3 el rumbo econ\u00f3mico, pero dijo que en dos a\u00f1os todav\u00eda va a haber gente que no llegue a fin de mes"},"content":{"rendered":"<ul>\n<li>El ministro de Econom\u00eda destac\u00f3 que el programa econ\u00f3mico es el &#8220;correcto&#8221; y pidi\u00f3 perseverancia.<\/li>\n<li>&#8220;Si seguimos en esta l\u00ednea, en 20 a\u00f1os este pa\u00eds va a ser otro&#8221;, asegur\u00f3.<\/li>\n<\/ul>\n<p>\u200bEl ministro de Econom\u00eda destac\u00f3 que el programa econ\u00f3mico es el &#8220;correcto&#8221; y pidi\u00f3 perseverancia.&#8221;Si seguimos en esta l\u00ednea, en 20 a\u00f1os este pa\u00eds va a ser otro&#8221;, asegur\u00f3.\u00a0<a href=\"https:\/\/www.clarin.com\/economia\/puedo-hacer-magia-luis-caputo-defendio-rumbo-economico-dijo-anos-todavia-va-gente-llegue-fin-mes_0_l9Qo8eQu4l.html\" target=\"_blank\" class=\"feedzy-rss-link-icon\">Read More<\/a><\/p>","protected":false},"excerpt":{"rendered":"<p>El ministro de Econom\u00eda destac\u00f3 que el programa econ\u00f3mico es el &#8220;correcto&#8221; y pidi\u00f3 perseverancia&#8230;.<\/p>\n","protected":false},"author":1,"featured_media":0,"comment_status":"open","ping_status":"open","sticky":false,"template":"","format":"standard","meta":{"footnotes":"","_members_access_role":[],"_members_access_error":""},"categories":[3],"tags":[],"class_list":["post-71323","post","type-post","status-publish","format-standard","has-post-thumbnail","hentry","category-nacionales"],"_links":{"self":[{"href":"https:\/\/masquenoticiastucuman.com.ar\/index.php?rest_route=\/wp\/v2\/posts\/71323","targetHints":{"allow":["GET"]}}],"collection":[{"href":"https:\/\/masquenoticiastucuman.com.ar\/index.php?rest_route=\/wp\/v2\/posts"}],"about":[{"href":"https:\/\/masquenoticiastucuman.com.ar\/index.php?rest_route=\/wp\/v2\/types\/post"}],"author":[{"embeddable":true,"href":"https:\/\/masquenoticiastucuman.com.ar\/index.php?rest_route=\/wp\/v2\/users\/1"}],"replies":[{"embeddable":true,"href":"https:\/\/masquenoticiastucuman.com.ar\/index.php?rest_route=%2Fwp%2Fv2%2Fcomments&post=71323"}],"version-history":[{"count":0,"href":"https:\/\/masquenoticiastucuman.com.ar\/index.php?rest_route=\/wp\/v2\/posts\/71323\/revisions"}],"wp:attachment":[{"href":"https:\/\/masquenoticiastucuman.com.ar\/index.php?rest_route=%2Fwp%2Fv2%2Fmedia&parent=71323"}],"wp:term":[{"taxonomy":"category","embeddable":true,"href":"https:\/\/masquenoticiastucuman.com.ar\/index.php?rest_route=%2Fwp%2Fv2%2Fcategories&post=71323"},{"taxonomy":"post_tag","embeddable":true,"href":"https:\/\/masquenoticiastucuman.com.ar\/index.php?rest_route=%2Fwp%2Fv2%2Ftags&post=71323"}],"curies":[{"name":"wp","href":"https:\/\/api.w.org\/{rel}","templated":true}]}}