{"id":71324,"date":"2026-09-02T17:15:19","date_gmt":"2026-09-02T20:15:19","guid":{"rendered":"http:\/\/masquenoticiastucuman.com.ar\/?p=71324"},"modified":"2026-09-02T17:15:19","modified_gmt":"2026-09-02T20:15:19","slug":"estados-unidos-nueva-york-prohibira-el-uso-de-ia-en-las-escuelas-publicas-para-chicos-de-hasta-13-anos","status":"publish","type":"post","link":"https:\/\/masquenoticiastucuman.com.ar\/?p=71324","title":{"rendered":"Estados Unidos: Nueva York prohibir\u00e1 el uso de IA en las escuelas p\u00fablicas para chicos de hasta 13 a\u00f1os"},"content":{"rendered":"<ul>\n<li>Lo confirm\u00f3 este mi\u00e9rcoles el alcalde, Zohran Mamdani. <\/li>\n<li>La restricci\u00f3n durar\u00e1 un a\u00f1o e impactar\u00e1 a casi 600.000 estudiantes de establecimientos estatales.<\/li>\n<\/ul>\n<p>\u200bLo confirm\u00f3 este mi\u00e9rcoles el alcalde, Zohran Mamdani. La restricci\u00f3n durar\u00e1 un a\u00f1o e impactar\u00e1 a casi 600.000 estudiantes de establecimientos estatales.\u00a0<a href=\"https:\/\/www.clarin.com\/mundo\/estados-unidos-nueva-york-prohibira-uso-ia-escuelas-publicas-chicos-13-anos_0_V4bu1fMm0n.html\" target=\"_blank\" class=\"feedzy-rss-link-icon\">Read More<\/a><\/p>","protected":false},"excerpt":{"rendered":"<p>Lo confirm\u00f3 este mi\u00e9rcoles el alcalde, Zohran Mamdani. La restricci\u00f3n durar\u00e1 un a\u00f1o e impactar\u00e1&#8230;<\/p>\n","protected":false},"author":1,"featured_media":71325,"comment_status":"open","ping_status":"open","sticky":false,"template":"","format":"standard","meta":{"footnotes":"","_members_access_role":[],"_members_access_error":""},"categories":[4],"tags":[],"class_list":["post-71324","post","type-post","status-publish","format-standard","has-post-thumbnail","hentry","category-internacionales"],"_links":{"self":[{"href":"https:\/\/masquenoticiastucuman.com.ar\/index.php?rest_route=\/wp\/v2\/posts\/71324","targetHints":{"allow":["GET"]}}],"collection":[{"href":"https:\/\/masquenoticiastucuman.com.ar\/index.php?rest_route=\/wp\/v2\/posts"}],"about":[{"href":"https:\/\/masquenoticiastucuman.com.ar\/index.php?rest_route=\/wp\/v2\/types\/post"}],"author":[{"embeddable":true,"href":"https:\/\/masquenoticiastucuman.com.ar\/index.php?rest_route=\/wp\/v2\/users\/1"}],"replies":[{"embeddable":true,"href":"https:\/\/masquenoticiastucuman.com.ar\/index.php?rest_route=%2Fwp%2Fv2%2Fcomments&post=71324"}],"version-history":[{"count":0,"href":"https:\/\/masquenoticiastucuman.com.ar\/index.php?rest_route=\/wp\/v2\/posts\/71324\/revisions"}],"wp:featuredmedia":[{"embeddable":true,"href":"https:\/\/masquenoticiastucuman.com.ar\/index.php?rest_route=\/wp\/v2\/media\/71325"}],"wp:attachment":[{"href":"https:\/\/masquenoticiastucuman.com.ar\/index.php?rest_route=%2Fwp%2Fv2%2Fmedia&parent=71324"}],"wp:term":[{"taxonomy":"category","embeddable":true,"href":"https:\/\/masquenoticiastucuman.com.ar\/index.php?rest_route=%2Fwp%2Fv2%2Fcategories&post=71324"},{"taxonomy":"post_tag","embeddable":true,"href":"https:\/\/masquenoticiastucuman.com.ar\/index.php?rest_route=%2Fwp%2Fv2%2Ftags&post=71324"}],"curies":[{"name":"wp","href":"https:\/\/api.w.org\/{rel}","templated":true}]}}