{"id":71329,"date":"2026-09-02T17:26:27","date_gmt":"2026-09-02T20:26:27","guid":{"rendered":"http:\/\/masquenoticiastucuman.com.ar\/?p=71329"},"modified":"2026-09-02T17:26:27","modified_gmt":"2026-09-02T20:26:27","slug":"matias-galarza-fonda-del-predio-de-cantilo-a-jugar-con-messi-en-el-inter-miami-river-se-desprendio-de-otro-de-los-apartados","status":"publish","type":"post","link":"https:\/\/masquenoticiastucuman.com.ar\/?p=71329","title":{"rendered":"Mat\u00edas Galarza Fonda, del predio de Cantilo a jugar con Messi en el Inter Miami: River se desprendi\u00f3 de otro de los &#8220;apartados&#8221;"},"content":{"rendered":"<ul>\n<li>El paraguayo que estaba colgado y era uno de los del &#8220;container&#8221; se va a la MLS.<\/li>\n<li>Se va cedido por un a\u00f1o y sin cargo, pero con una opci\u00f3n de compra por el 50%.<\/li>\n<li>Hab\u00eda estado en el radar de Estudiantes y de Olimpia, pero se inclin\u00f3 por jugar con Messi.<\/li>\n<\/ul>\n<p>\u200bEl paraguayo que estaba colgado y era uno de los del &#8220;container&#8221; se va a la MLS.Se va cedido por un a\u00f1o y sin cargo, pero con una opci\u00f3n de compra por el 50%.Hab\u00eda estado en el radar de Estudiantes y de Olimpia, pero se inclin\u00f3 por jugar con Messi.\u00a0<a href=\"https:\/\/www.clarin.com\/deportes\/matias-galarza-fonda-predio-cantilo-jugar-messi-inter-miami-river-desprendio-apartados_0_XXLaBFuxwF.html\" target=\"_blank\" class=\"feedzy-rss-link-icon\">Read More<\/a><\/p>","protected":false},"excerpt":{"rendered":"<p>El paraguayo que estaba colgado y era uno de los del &#8220;container&#8221; se va a&#8230;<\/p>\n","protected":false},"author":1,"featured_media":0,"comment_status":"open","ping_status":"open","sticky":false,"template":"","format":"standard","meta":{"footnotes":"","_members_access_role":[],"_members_access_error":""},"categories":[6],"tags":[],"class_list":["post-71329","post","type-post","status-publish","format-standard","has-post-thumbnail","hentry","category-deportes"],"_links":{"self":[{"href":"https:\/\/masquenoticiastucuman.com.ar\/index.php?rest_route=\/wp\/v2\/posts\/71329","targetHints":{"allow":["GET"]}}],"collection":[{"href":"https:\/\/masquenoticiastucuman.com.ar\/index.php?rest_route=\/wp\/v2\/posts"}],"about":[{"href":"https:\/\/masquenoticiastucuman.com.ar\/index.php?rest_route=\/wp\/v2\/types\/post"}],"author":[{"embeddable":true,"href":"https:\/\/masquenoticiastucuman.com.ar\/index.php?rest_route=\/wp\/v2\/users\/1"}],"replies":[{"embeddable":true,"href":"https:\/\/masquenoticiastucuman.com.ar\/index.php?rest_route=%2Fwp%2Fv2%2Fcomments&post=71329"}],"version-history":[{"count":0,"href":"https:\/\/masquenoticiastucuman.com.ar\/index.php?rest_route=\/wp\/v2\/posts\/71329\/revisions"}],"wp:attachment":[{"href":"https:\/\/masquenoticiastucuman.com.ar\/index.php?rest_route=%2Fwp%2Fv2%2Fmedia&parent=71329"}],"wp:term":[{"taxonomy":"category","embeddable":true,"href":"https:\/\/masquenoticiastucuman.com.ar\/index.php?rest_route=%2Fwp%2Fv2%2Fcategories&post=71329"},{"taxonomy":"post_tag","embeddable":true,"href":"https:\/\/masquenoticiastucuman.com.ar\/index.php?rest_route=%2Fwp%2Fv2%2Ftags&post=71329"}],"curies":[{"name":"wp","href":"https:\/\/api.w.org\/{rel}","templated":true}]}}