{"id":71330,"date":"2026-09-02T16:41:03","date_gmt":"2026-09-02T19:41:03","guid":{"rendered":"http:\/\/masquenoticiastucuman.com.ar\/?p=71330"},"modified":"2026-09-02T16:41:03","modified_gmt":"2026-09-02T19:41:03","slug":"la-afa-anuncio-el-homenaje-que-hara-el-futbol-argentino-para-lionel-messi-tras-su-despedida-de-la-seleccion","status":"publish","type":"post","link":"https:\/\/masquenoticiastucuman.com.ar\/?p=71330","title":{"rendered":"La AFA anunci\u00f3 el homenaje que har\u00e1 el f\u00fatbol argentino para Lionel Messi tras su despedida de la Selecci\u00f3n"},"content":{"rendered":"<ul>\n<li>Ser\u00e1 el pr\u00f3ximo fin de semana, en todos los partidos de todas las categor\u00edas y de todas las disciplinas.<\/li>\n<li>Se public\u00f3 en un Bolet\u00edn Especial de la Mesa Directiva.<\/li>\n<\/ul>\n<p>\u200bSer\u00e1 el pr\u00f3ximo fin de semana, en todos los partidos de todas las categor\u00edas y de todas las disciplinas.Se public\u00f3 en un Bolet\u00edn Especial de la Mesa Directiva.\u00a0<a href=\"https:\/\/www.clarin.com\/deportes\/afa-anuncio-homenaje-hara-futbol-argentino-lionel-messi-despedida-seleccion_0_NshyVsQS7B.html\" target=\"_blank\" class=\"feedzy-rss-link-icon\">Read More<\/a><\/p>","protected":false},"excerpt":{"rendered":"<p>Ser\u00e1 el pr\u00f3ximo fin de semana, en todos los partidos de todas las categor\u00edas y&#8230;<\/p>\n","protected":false},"author":1,"featured_media":0,"comment_status":"open","ping_status":"open","sticky":false,"template":"","format":"standard","meta":{"footnotes":"","_members_access_role":[],"_members_access_error":""},"categories":[6],"tags":[],"class_list":["post-71330","post","type-post","status-publish","format-standard","has-post-thumbnail","hentry","category-deportes"],"_links":{"self":[{"href":"https:\/\/masquenoticiastucuman.com.ar\/index.php?rest_route=\/wp\/v2\/posts\/71330","targetHints":{"allow":["GET"]}}],"collection":[{"href":"https:\/\/masquenoticiastucuman.com.ar\/index.php?rest_route=\/wp\/v2\/posts"}],"about":[{"href":"https:\/\/masquenoticiastucuman.com.ar\/index.php?rest_route=\/wp\/v2\/types\/post"}],"author":[{"embeddable":true,"href":"https:\/\/masquenoticiastucuman.com.ar\/index.php?rest_route=\/wp\/v2\/users\/1"}],"replies":[{"embeddable":true,"href":"https:\/\/masquenoticiastucuman.com.ar\/index.php?rest_route=%2Fwp%2Fv2%2Fcomments&post=71330"}],"version-history":[{"count":0,"href":"https:\/\/masquenoticiastucuman.com.ar\/index.php?rest_route=\/wp\/v2\/posts\/71330\/revisions"}],"wp:attachment":[{"href":"https:\/\/masquenoticiastucuman.com.ar\/index.php?rest_route=%2Fwp%2Fv2%2Fmedia&parent=71330"}],"wp:term":[{"taxonomy":"category","embeddable":true,"href":"https:\/\/masquenoticiastucuman.com.ar\/index.php?rest_route=%2Fwp%2Fv2%2Fcategories&post=71330"},{"taxonomy":"post_tag","embeddable":true,"href":"https:\/\/masquenoticiastucuman.com.ar\/index.php?rest_route=%2Fwp%2Fv2%2Ftags&post=71330"}],"curies":[{"name":"wp","href":"https:\/\/api.w.org\/{rel}","templated":true}]}}