{"id":71332,"date":"2026-09-02T17:18:10","date_gmt":"2026-09-02T20:18:10","guid":{"rendered":"http:\/\/masquenoticiastucuman.com.ar\/?p=71332"},"modified":"2026-09-02T17:18:10","modified_gmt":"2026-09-02T20:18:10","slug":"el-frente-empresario-en-el-acto-industrial-que-javier-milei-vacio-de-funcionarios","status":"publish","type":"post","link":"https:\/\/masquenoticiastucuman.com.ar\/?p=71332","title":{"rendered":"El frente empresario en el acto industrial que Javier Milei vaci\u00f3 de funcionarios"},"content":{"rendered":"<ul>\n<li>La celebraci\u00f3n por el D\u00eda de la Industria fue vaciada por el gobierno nacional y tambi\u00e9n el de Kicillof.<\/li>\n<li>Pero el acto de la UIA cont\u00f3 con todo el arco empresarial que, pese a posibles costos, estuvo presente.<\/li>\n<li>Desde el grupo de los Seis, al titular de IDEA y una representante de AEA. Los motivos.<\/li>\n<\/ul>\n<p>\u200bLa celebraci\u00f3n por el D\u00eda de la Industria fue vaciada por el gobierno nacional y tambi\u00e9n el de Kicillof.Pero el acto de la UIA cont\u00f3 con todo el arco empresarial que, pese a posibles costos, estuvo presente.Desde el grupo de los Seis, al titular de IDEA y una representante de AEA. Los motivos.\u00a0<a href=\"https:\/\/www.clarin.com\/economia\/acto-industrial-funcionarios-arco-empresario_0_HKQy5SCdMH.html\" target=\"_blank\" class=\"feedzy-rss-link-icon\">Read More<\/a><\/p>","protected":false},"excerpt":{"rendered":"<p>La celebraci\u00f3n por el D\u00eda de la Industria fue vaciada por el gobierno nacional y&#8230;<\/p>\n","protected":false},"author":1,"featured_media":0,"comment_status":"open","ping_status":"open","sticky":false,"template":"","format":"standard","meta":{"footnotes":"","_members_access_role":[],"_members_access_error":""},"categories":[3],"tags":[],"class_list":["post-71332","post","type-post","status-publish","format-standard","has-post-thumbnail","hentry","category-nacionales"],"_links":{"self":[{"href":"https:\/\/masquenoticiastucuman.com.ar\/index.php?rest_route=\/wp\/v2\/posts\/71332","targetHints":{"allow":["GET"]}}],"collection":[{"href":"https:\/\/masquenoticiastucuman.com.ar\/index.php?rest_route=\/wp\/v2\/posts"}],"about":[{"href":"https:\/\/masquenoticiastucuman.com.ar\/index.php?rest_route=\/wp\/v2\/types\/post"}],"author":[{"embeddable":true,"href":"https:\/\/masquenoticiastucuman.com.ar\/index.php?rest_route=\/wp\/v2\/users\/1"}],"replies":[{"embeddable":true,"href":"https:\/\/masquenoticiastucuman.com.ar\/index.php?rest_route=%2Fwp%2Fv2%2Fcomments&post=71332"}],"version-history":[{"count":0,"href":"https:\/\/masquenoticiastucuman.com.ar\/index.php?rest_route=\/wp\/v2\/posts\/71332\/revisions"}],"wp:attachment":[{"href":"https:\/\/masquenoticiastucuman.com.ar\/index.php?rest_route=%2Fwp%2Fv2%2Fmedia&parent=71332"}],"wp:term":[{"taxonomy":"category","embeddable":true,"href":"https:\/\/masquenoticiastucuman.com.ar\/index.php?rest_route=%2Fwp%2Fv2%2Fcategories&post=71332"},{"taxonomy":"post_tag","embeddable":true,"href":"https:\/\/masquenoticiastucuman.com.ar\/index.php?rest_route=%2Fwp%2Fv2%2Ftags&post=71332"}],"curies":[{"name":"wp","href":"https:\/\/api.w.org\/{rel}","templated":true}]}}