{"id":71333,"date":"2026-09-02T19:21:39","date_gmt":"2026-09-02T22:21:39","guid":{"rendered":"http:\/\/masquenoticiastucuman.com.ar\/?p=71333"},"modified":"2026-09-02T19:21:39","modified_gmt":"2026-09-02T22:21:39","slug":"un-militar-de-ultraderecha-se-convierte-en-el-mayor-problema-para-giorgia-meloni-en-italia","status":"publish","type":"post","link":"https:\/\/masquenoticiastucuman.com.ar\/?p=71333","title":{"rendered":"Un militar de ultraderecha se convierte en el mayor problema para Giorgia Meloni en Italia"},"content":{"rendered":"<ul>\n<li>El general retirado Roberto Vannacci crece en los sondeos y complica a la primera ministra y su coalici\u00f3n conservadora de cara a las elecciones de 2027. <\/li>\n<li>Reci\u00e9n llegado a la pol\u00edtica, atrajo a figuras de la derecha con grandes promesas de cambio en el pa\u00eds y golpe\u00f3 con fuerza a los partidos tradicionales.<\/li>\n<\/ul>\n<p>\u200bEl general retirado Roberto Vannacci crece en los sondeos y complica a la primera ministra y su coalici\u00f3n conservadora de cara a las elecciones de 2027. Reci\u00e9n llegado a la pol\u00edtica, atrajo a figuras de la derecha con grandes promesas de cambio en el pa\u00eds y golpe\u00f3 con fuerza a los partidos tradicionales.\u00a0<a href=\"https:\/\/www.clarin.com\/mundo\/militar-ultraderecha-convierte-mayor-problema-giorgia-meloni-italia_0_xG1Lnwsk84.html\" target=\"_blank\" class=\"feedzy-rss-link-icon\">Read More<\/a><\/p>","protected":false},"excerpt":{"rendered":"<p>El general retirado Roberto Vannacci crece en los sondeos y complica a la primera ministra&#8230;<\/p>\n","protected":false},"author":1,"featured_media":71334,"comment_status":"open","ping_status":"open","sticky":false,"template":"","format":"standard","meta":{"footnotes":"","_members_access_role":[],"_members_access_error":""},"categories":[4],"tags":[],"class_list":["post-71333","post","type-post","status-publish","format-standard","has-post-thumbnail","hentry","category-internacionales"],"_links":{"self":[{"href":"https:\/\/masquenoticiastucuman.com.ar\/index.php?rest_route=\/wp\/v2\/posts\/71333","targetHints":{"allow":["GET"]}}],"collection":[{"href":"https:\/\/masquenoticiastucuman.com.ar\/index.php?rest_route=\/wp\/v2\/posts"}],"about":[{"href":"https:\/\/masquenoticiastucuman.com.ar\/index.php?rest_route=\/wp\/v2\/types\/post"}],"author":[{"embeddable":true,"href":"https:\/\/masquenoticiastucuman.com.ar\/index.php?rest_route=\/wp\/v2\/users\/1"}],"replies":[{"embeddable":true,"href":"https:\/\/masquenoticiastucuman.com.ar\/index.php?rest_route=%2Fwp%2Fv2%2Fcomments&post=71333"}],"version-history":[{"count":0,"href":"https:\/\/masquenoticiastucuman.com.ar\/index.php?rest_route=\/wp\/v2\/posts\/71333\/revisions"}],"wp:featuredmedia":[{"embeddable":true,"href":"https:\/\/masquenoticiastucuman.com.ar\/index.php?rest_route=\/wp\/v2\/media\/71334"}],"wp:attachment":[{"href":"https:\/\/masquenoticiastucuman.com.ar\/index.php?rest_route=%2Fwp%2Fv2%2Fmedia&parent=71333"}],"wp:term":[{"taxonomy":"category","embeddable":true,"href":"https:\/\/masquenoticiastucuman.com.ar\/index.php?rest_route=%2Fwp%2Fv2%2Fcategories&post=71333"},{"taxonomy":"post_tag","embeddable":true,"href":"https:\/\/masquenoticiastucuman.com.ar\/index.php?rest_route=%2Fwp%2Fv2%2Ftags&post=71333"}],"curies":[{"name":"wp","href":"https:\/\/api.w.org\/{rel}","templated":true}]}}