{"id":71337,"date":"2026-09-02T18:24:55","date_gmt":"2026-09-02T21:24:55","guid":{"rendered":"http:\/\/masquenoticiastucuman.com.ar\/?p=71337"},"modified":"2026-09-02T18:24:55","modified_gmt":"2026-09-02T21:24:55","slug":"murio-cassandra-wilson-la-dama-del-jazz-a-los-70-anos","status":"publish","type":"post","link":"https:\/\/masquenoticiastucuman.com.ar\/?p=71337","title":{"rendered":"Muri\u00f3 Cassandra Wilson, &#8220;la dama del jazz&#8221;, a los 70 a\u00f1os"},"content":{"rendered":"<ul>\n<li>Gan\u00f3 dos premios Grammy, incluyendo el de Mejor Interpretaci\u00f3n Vocal de Jazz por &#8220;New Moon Daughter&#8221;.<\/li>\n<li>No se especific\u00f3 a\u00fan la causa de su fallecimiento.<\/li>\n<\/ul>\n<p>\u200bGan\u00f3 dos premios Grammy, incluyendo el de Mejor Interpretaci\u00f3n Vocal de Jazz por &#8220;New Moon Daughter&#8221;.No se especific\u00f3 a\u00fan la causa de su fallecimiento.\u00a0<a href=\"https:\/\/www.clarin.com\/espectaculos\/murio-70-anos-cassandra-wilson-dama-jazz_0_2Vw1OXmZgV.html\" target=\"_blank\" class=\"feedzy-rss-link-icon\">Read More<\/a><\/p>","protected":false},"excerpt":{"rendered":"<p>Gan\u00f3 dos premios Grammy, incluyendo el de Mejor Interpretaci\u00f3n Vocal de Jazz por &#8220;New Moon&#8230;<\/p>\n","protected":false},"author":1,"featured_media":0,"comment_status":"open","ping_status":"open","sticky":false,"template":"","format":"standard","meta":{"footnotes":"","_members_access_role":[],"_members_access_error":""},"categories":[5],"tags":[],"class_list":["post-71337","post","type-post","status-publish","format-standard","has-post-thumbnail","hentry","category-espectaculo"],"_links":{"self":[{"href":"https:\/\/masquenoticiastucuman.com.ar\/index.php?rest_route=\/wp\/v2\/posts\/71337","targetHints":{"allow":["GET"]}}],"collection":[{"href":"https:\/\/masquenoticiastucuman.com.ar\/index.php?rest_route=\/wp\/v2\/posts"}],"about":[{"href":"https:\/\/masquenoticiastucuman.com.ar\/index.php?rest_route=\/wp\/v2\/types\/post"}],"author":[{"embeddable":true,"href":"https:\/\/masquenoticiastucuman.com.ar\/index.php?rest_route=\/wp\/v2\/users\/1"}],"replies":[{"embeddable":true,"href":"https:\/\/masquenoticiastucuman.com.ar\/index.php?rest_route=%2Fwp%2Fv2%2Fcomments&post=71337"}],"version-history":[{"count":0,"href":"https:\/\/masquenoticiastucuman.com.ar\/index.php?rest_route=\/wp\/v2\/posts\/71337\/revisions"}],"wp:attachment":[{"href":"https:\/\/masquenoticiastucuman.com.ar\/index.php?rest_route=%2Fwp%2Fv2%2Fmedia&parent=71337"}],"wp:term":[{"taxonomy":"category","embeddable":true,"href":"https:\/\/masquenoticiastucuman.com.ar\/index.php?rest_route=%2Fwp%2Fv2%2Fcategories&post=71337"},{"taxonomy":"post_tag","embeddable":true,"href":"https:\/\/masquenoticiastucuman.com.ar\/index.php?rest_route=%2Fwp%2Fv2%2Ftags&post=71337"}],"curies":[{"name":"wp","href":"https:\/\/api.w.org\/{rel}","templated":true}]}}